{"id":4789,"date":"2022-09-13T08:17:00","date_gmt":"2022-09-13T06:17:00","guid":{"rendered":"https:\/\/www.ert.tn\/egb\/?p=4789"},"modified":"2022-09-13T10:17:15","modified_gmt":"2022-09-13T08:17:15","slug":"elections-des-representants-des-parents-deleves-au-conseil-detablissement","status":"publish","type":"post","link":"https:\/\/www.ert.tn\/egb\/2022\/09\/elections-des-representants-des-parents-deleves-au-conseil-detablissement\/","title":{"rendered":"Elections des repr\u00e9sentants des parents d&rsquo;\u00e9l\u00e8ves au Conseil d&rsquo;Etablissement"},"content":{"rendered":"\n<p>Les <strong>\u00e9lections des repr\u00e9sentants des parents d&rsquo;\u00e9l\u00e8ves au Conseil d&rsquo;Etablissement de l&rsquo;Etablissement R\u00e9gional de Tunis<\/strong>, entit\u00e9 regroupant le lyc\u00e9e Pierre Mend\u00e8s France et les \u00e9coles Georges Brassens de M\u00e9grine et Robert Desnos d&rsquo;El Omrane, se d\u00e9rouleront cette ann\u00e9e du <strong>lundi 10 au mercredi 12 octobre 2022<\/strong>.<\/p>\n\n\n\n<p><strong>Ces \u00e9lections se d\u00e9rouleront exclusivement par vote \u00e9lectronique.<\/strong><\/p>\n\n\n\n<p>Chacun des deux parents est \u00e9lecteur et \u00e9ligible. Il dispose d&rsquo;une voix (<strong>un vote et un seul<\/strong>), quel que soit le nombre d&rsquo;enfants scolaris\u00e9s dans les \u00e9tablissements.<\/p>\n\n\n\n<p><strong>Proc\u00e9dure: <\/strong><\/p>\n\n\n\n<ul class=\"wp-block-list\"><li>Jusqu&rsquo;au dimanche 18.09.2022: v\u00e9rification sur Pronote de votre adresse \u00e9lectronique<\/li><li>Mardi 20.09.2022: \u00e9dition de la liste \u00e9lectorale des parents d&rsquo;\u00e9l\u00e8ves<\/li><li>Du mercredi 21.09 au vendredi 30.09.2022: possibilit\u00e9 de consultation  des listes \u00e9lectorales par les parents (secr\u00e9tariat Proviseur &#8211; 8h\/12h)<\/li><li>Jusqu&rsquo;\u00e0 vendredi 30.09.2022: d\u00e9p\u00f4t des candidatures sign\u00e9es et des professions de foi (secr\u00e9tariat Proviseur). Tout groupe de parents constitu\u00e9 librement peut faire acte de candidature. La liste devra comporter 2 (deux) noms au minimum et 12 (douze) noms au maximum.<\/li><li>Lundi 03.10.2022: affichage des candidatures (entr\u00e9e B\u00e2timent Administration)<\/li><li>Du lundi 10 au mercredi 12.10.2022: vote \u00e9lectronique<\/li><li>Jeudi 13.10.2022 \u00e0 11h: r\u00e9sultats, en pr\u00e9sence des repr\u00e9sentants des listes candidates &#8211; Bureau de M. le Proviseur<\/li><\/ul>\n\n\n\n<p><strong>Attention:<\/strong> la v\u00e9rification et l&rsquo;actualisation de votre adresse \u00e9lectronique sur votre espace Pronote est indispensable pour participer au vote. <em><strong>Si vous ne disposez pas de vos codes Pronote, merci de les demander au plus vite \u00e0 la Vie Scolaire coll\u00e8ge ou lyc\u00e9e.<\/strong><\/em><\/p>\n\n\n\n<div class=\"wp-block-file\"><a href=\"https:\/\/www.ert.tn\/egb\/wp-content\/uploads\/2022\/09\/NOTE-INFO-ELECTION-CE-2022.pdf\" target=\"_blank\" rel=\"noreferrer noopener\">NOTE-INFO-ELECTION-CE-2022<\/a><a href=\"https:\/\/www.ert.tn\/egb\/wp-content\/uploads\/2022\/09\/NOTE-INFO-ELECTION-CE-2022.pdf\" class=\"wp-block-file__button\" download>T\u00e9l\u00e9charger<\/a><\/div>\n","protected":false},"excerpt":{"rendered":"<p>Les &eacute;lections des repr&eacute;sentants des parents d&rsquo;&eacute;l&egrave;ves au Conseil d&rsquo;Etablissement de l&rsquo;Etablissement R&eacute;gional de Tunis, entit&eacute; regroupant le lyc&eacute;e Pierre<\/p>\n","protected":false},"author":2,"featured_media":4853,"comment_status":"open","ping_status":"open","sticky":false,"template":"","format":"standard","meta":{"footnotes":""},"categories":[313],"tags":[],"class_list":["post-4789","post","type-post","status-publish","format-standard","has-post-thumbnail","hentry","category-actualites"],"_links":{"self":[{"href":"https:\/\/www.ert.tn\/egb\/wp-json\/wp\/v2\/posts\/4789","targetHints":{"allow":["GET"]}}],"collection":[{"href":"https:\/\/www.ert.tn\/egb\/wp-json\/wp\/v2\/posts"}],"about":[{"href":"https:\/\/www.ert.tn\/egb\/wp-json\/wp\/v2\/types\/post"}],"author":[{"embeddable":true,"href":"https:\/\/www.ert.tn\/egb\/wp-json\/wp\/v2\/users\/2"}],"replies":[{"embeddable":true,"href":"https:\/\/www.ert.tn\/egb\/wp-json\/wp\/v2\/comments?post=4789"}],"version-history":[{"count":2,"href":"https:\/\/www.ert.tn\/egb\/wp-json\/wp\/v2\/posts\/4789\/revisions"}],"predecessor-version":[{"id":4855,"href":"https:\/\/www.ert.tn\/egb\/wp-json\/wp\/v2\/posts\/4789\/revisions\/4855"}],"wp:featuredmedia":[{"embeddable":true,"href":"https:\/\/www.ert.tn\/egb\/wp-json\/wp\/v2\/media\/4853"}],"wp:attachment":[{"href":"https:\/\/www.ert.tn\/egb\/wp-json\/wp\/v2\/media?parent=4789"}],"wp:term":[{"taxonomy":"category","embeddable":true,"href":"https:\/\/www.ert.tn\/egb\/wp-json\/wp\/v2\/categories?post=4789"},{"taxonomy":"post_tag","embeddable":true,"href":"https:\/\/www.ert.tn\/egb\/wp-json\/wp\/v2\/tags?post=4789"}],"curies":[{"name":"wp","href":"https:\/\/api.w.org\/{rel}","templated":true}]}}