{"id":4956,"date":"2023-12-04T08:38:46","date_gmt":"2023-12-04T07:38:46","guid":{"rendered":"https:\/\/www.ert.tn\/egb\/?p=4956"},"modified":"2024-01-21T17:52:47","modified_gmt":"2024-01-21T16:52:47","slug":"la-slfm-a-brassens","status":"publish","type":"post","link":"https:\/\/www.ert.tn\/egb\/2023\/12\/la-slfm-a-brassens\/","title":{"rendered":"La SLFM \u00e0 Brassens"},"content":{"rendered":"\n<p>Retrouvez ci-dessous la vid\u00e9o r\u00e9alis\u00e9e \u00e0 l&rsquo;occasion de la Semaine des lyc\u00e9es fran\u00e7ais du monde, organis\u00e9e par l&rsquo;AEFE \u00e0 l&rsquo;\u00e9cole Georges Brassens.<\/p>\n\n\n\n<p>La th\u00e9matique de cette 6\u00e8me \u00e9dition est \u00ab\u00a0\u00a0\u00bbApprendre, s&rsquo;engager, s&rsquo;\u00e9panouir : le sport pour tous et toutes\u00a0\u00bb.<\/p>\n\n\n\n<div style=\"text-align: center;\"><iframe loading=\"lazy\" width=\"560\" height=\"315\" src=\"https:\/\/www.youtube.com\/embed\/dHSyyQuzizc?si=Ad-viPeeQ_J8C8Un\" title=\"YouTube video player\" frameborder=\"0\" allow=\"accelerometer; autoplay; clipboard-write; encrypted-media; gyroscope; picture-in-picture; web-share\" allowfullscreen><\/iframe><\/div>\n","protected":false},"excerpt":{"rendered":"<p>Retrouvez ci-dessous la vid&eacute;o r&eacute;alis&eacute;e &agrave; l&rsquo;occasion de la Semaine des lyc&eacute;es fran&ccedil;ais du monde, organis&eacute;e par l&rsquo;AEFE &agrave; l&rsquo;&eacute;cole<\/p>\n","protected":false},"author":2,"featured_media":4957,"comment_status":"open","ping_status":"open","sticky":false,"template":"","format":"standard","meta":{"footnotes":""},"categories":[313,266],"tags":[],"class_list":["post-4956","post","type-post","status-publish","format-standard","has-post-thumbnail","hentry","category-actualites","category-vie-des-classes"],"_links":{"self":[{"href":"https:\/\/www.ert.tn\/egb\/wp-json\/wp\/v2\/posts\/4956","targetHints":{"allow":["GET"]}}],"collection":[{"href":"https:\/\/www.ert.tn\/egb\/wp-json\/wp\/v2\/posts"}],"about":[{"href":"https:\/\/www.ert.tn\/egb\/wp-json\/wp\/v2\/types\/post"}],"author":[{"embeddable":true,"href":"https:\/\/www.ert.tn\/egb\/wp-json\/wp\/v2\/users\/2"}],"replies":[{"embeddable":true,"href":"https:\/\/www.ert.tn\/egb\/wp-json\/wp\/v2\/comments?post=4956"}],"version-history":[{"count":1,"href":"https:\/\/www.ert.tn\/egb\/wp-json\/wp\/v2\/posts\/4956\/revisions"}],"predecessor-version":[{"id":4958,"href":"https:\/\/www.ert.tn\/egb\/wp-json\/wp\/v2\/posts\/4956\/revisions\/4958"}],"wp:featuredmedia":[{"embeddable":true,"href":"https:\/\/www.ert.tn\/egb\/wp-json\/wp\/v2\/media\/4957"}],"wp:attachment":[{"href":"https:\/\/www.ert.tn\/egb\/wp-json\/wp\/v2\/media?parent=4956"}],"wp:term":[{"taxonomy":"category","embeddable":true,"href":"https:\/\/www.ert.tn\/egb\/wp-json\/wp\/v2\/categories?post=4956"},{"taxonomy":"post_tag","embeddable":true,"href":"https:\/\/www.ert.tn\/egb\/wp-json\/wp\/v2\/tags?post=4956"}],"curies":[{"name":"wp","href":"https:\/\/api.w.org\/{rel}","templated":true}]}}