{"id":4959,"date":"2023-12-05T16:35:00","date_gmt":"2023-12-05T15:35:00","guid":{"rendered":"https:\/\/www.ert.tn\/egb\/?p=4959"},"modified":"2023-12-12T16:49:58","modified_gmt":"2023-12-12T15:49:58","slug":"cafe-des-parents-06-12-2023","status":"publish","type":"post","link":"https:\/\/www.ert.tn\/egb\/2023\/12\/cafe-des-parents-06-12-2023\/","title":{"rendered":"Caf\u00e9 des parents &#8211; 06\/12\/2023"},"content":{"rendered":"\n<p><strong>Mercredi 6 d\u00e9cembre 2023, de 8h30 \u00e0 9h30<\/strong>, dans la grande cantine, aura lieu notre\u00a0<strong>caf\u00e9 des parents<\/strong>, avec l&rsquo;intervention de Mme Bejaoui, infirmi\u00e8re. Elle interviendra sur le th\u00e8me suivant: \u00ab\u00a0<strong><u>Comment \u00eatre en bonne sant\u00e9 et favoriser les apprentissages?<\/u><\/strong>\u00ab\u00a0<\/p>\n\n\n\n<p>Vous \u00eates une centaine \u00e0 avoir r\u00e9pondu favorablement \u00e0 cette proposition et je vous en remercie.\u00a0Le bien-\u00eatre des enfants est essentiel pour impulser la r\u00e9ussite de tous !<br>Nous vous attendons avec le caf\u00e9 et les croissants.<\/p>\n\n\n\n<p>Je vous rappelle \u00e9galement que\u00a0<strong>la semaine des parents aura lieu du 11 au 15 d\u00e9cembre<\/strong>\u00a02023. Les enseignants vont vous accueillir dans leur classe et vous faire participer \u00e0 des ateliers. Ils vont vous proposer des cr\u00e9neaux.<\/p>\n","protected":false},"excerpt":{"rendered":"<p>Mercredi 6 d&eacute;cembre 2023, de 8h30 &agrave; 9h30, dans la grande cantine, aura lieu notre&nbsp;caf&eacute; des parents, avec l&rsquo;intervention de<\/p>\n","protected":false},"author":2,"featured_media":4960,"comment_status":"open","ping_status":"open","sticky":false,"template":"","format":"standard","meta":{"footnotes":""},"categories":[291],"tags":[],"class_list":["post-4959","post","type-post","status-publish","format-standard","has-post-thumbnail","hentry","category-communications"],"_links":{"self":[{"href":"https:\/\/www.ert.tn\/egb\/wp-json\/wp\/v2\/posts\/4959","targetHints":{"allow":["GET"]}}],"collection":[{"href":"https:\/\/www.ert.tn\/egb\/wp-json\/wp\/v2\/posts"}],"about":[{"href":"https:\/\/www.ert.tn\/egb\/wp-json\/wp\/v2\/types\/post"}],"author":[{"embeddable":true,"href":"https:\/\/www.ert.tn\/egb\/wp-json\/wp\/v2\/users\/2"}],"replies":[{"embeddable":true,"href":"https:\/\/www.ert.tn\/egb\/wp-json\/wp\/v2\/comments?post=4959"}],"version-history":[{"count":1,"href":"https:\/\/www.ert.tn\/egb\/wp-json\/wp\/v2\/posts\/4959\/revisions"}],"predecessor-version":[{"id":4961,"href":"https:\/\/www.ert.tn\/egb\/wp-json\/wp\/v2\/posts\/4959\/revisions\/4961"}],"wp:featuredmedia":[{"embeddable":true,"href":"https:\/\/www.ert.tn\/egb\/wp-json\/wp\/v2\/media\/4960"}],"wp:attachment":[{"href":"https:\/\/www.ert.tn\/egb\/wp-json\/wp\/v2\/media?parent=4959"}],"wp:term":[{"taxonomy":"category","embeddable":true,"href":"https:\/\/www.ert.tn\/egb\/wp-json\/wp\/v2\/categories?post=4959"},{"taxonomy":"post_tag","embeddable":true,"href":"https:\/\/www.ert.tn\/egb\/wp-json\/wp\/v2\/tags?post=4959"}],"curies":[{"name":"wp","href":"https:\/\/api.w.org\/{rel}","templated":true}]}}