{"id":4962,"date":"2023-12-12T16:30:00","date_gmt":"2023-12-12T15:30:00","guid":{"rendered":"https:\/\/www.ert.tn\/egb\/?p=4962"},"modified":"2023-12-12T16:52:16","modified_gmt":"2023-12-12T15:52:16","slug":"programmes-officiels","status":"publish","type":"post","link":"https:\/\/www.ert.tn\/egb\/2023\/12\/programmes-officiels\/","title":{"rendered":"Programmes officiels"},"content":{"rendered":"\n<ul class=\"wp-block-list\"><li>Concernant les programmes officiels de l&rsquo;\u00e9cole maternelle, de la PS \u00e0 la GS, vous les trouverez en cliquant sur ce lien :<a rel=\"noreferrer noopener\" href=\"https:\/\/cache.media.education.gouv.fr\/file\/25\/86\/5\/ensel550_annexe_1413865.pdf\" target=\"_blank\">https:\/\/cache.media.education.gouv.fr\/file\/25\/86\/5\/ensel550_annexe_1413865.pdf<\/a><\/li><\/ul>\n\n\n\n<ul class=\"wp-block-list\"><li>Pour les programmes officiels de l&rsquo;\u00e9cole \u00e9l\u00e9mentaire, veuillez cliquer sur le lien suivant pour les programmes du cycle 2 (du CP au CE2):<a rel=\"noreferrer noopener\" href=\"https:\/\/www.education.gouv.fr\/bo\/15\/Special11\/MENE1526483Aannexe1.htm\" target=\"_blank\">https:\/\/www.education.gouv.fr\/bo\/15\/Special11\/MENE1526483Aannexe1.htm<\/a><\/li><\/ul>\n\n\n\n<ul class=\"wp-block-list\"><li>Lien pour les programmes du cycle 3 (du CM1 \u00e0 la 6\u00e8me):<a rel=\"noreferrer noopener\" href=\"https:\/\/www.education.gouv.fr\/bo\/15\/Special11\/MENE1526483Aannexe2.htm\" target=\"_blank\">https:\/\/www.education.gouv.fr\/bo\/15\/Special11\/MENE1526483Aannexe2.htm<\/a><\/li><\/ul>\n\n\n\n<p><\/p>\n","protected":false},"excerpt":{"rendered":"<p>Concernant les programmes officiels de l&rsquo;&eacute;cole maternelle, de la PS &agrave; la GS, vous les trouverez en cliquant sur ce<\/p>\n","protected":false},"author":2,"featured_media":0,"comment_status":"open","ping_status":"open","sticky":false,"template":"","format":"standard","meta":{"footnotes":""},"categories":[302],"tags":[],"class_list":["post-4962","post","type-post","status-publish","format-standard","hentry","category-programmes-officiels"],"_links":{"self":[{"href":"https:\/\/www.ert.tn\/egb\/wp-json\/wp\/v2\/posts\/4962","targetHints":{"allow":["GET"]}}],"collection":[{"href":"https:\/\/www.ert.tn\/egb\/wp-json\/wp\/v2\/posts"}],"about":[{"href":"https:\/\/www.ert.tn\/egb\/wp-json\/wp\/v2\/types\/post"}],"author":[{"embeddable":true,"href":"https:\/\/www.ert.tn\/egb\/wp-json\/wp\/v2\/users\/2"}],"replies":[{"embeddable":true,"href":"https:\/\/www.ert.tn\/egb\/wp-json\/wp\/v2\/comments?post=4962"}],"version-history":[{"count":1,"href":"https:\/\/www.ert.tn\/egb\/wp-json\/wp\/v2\/posts\/4962\/revisions"}],"predecessor-version":[{"id":4963,"href":"https:\/\/www.ert.tn\/egb\/wp-json\/wp\/v2\/posts\/4962\/revisions\/4963"}],"wp:attachment":[{"href":"https:\/\/www.ert.tn\/egb\/wp-json\/wp\/v2\/media?parent=4962"}],"wp:term":[{"taxonomy":"category","embeddable":true,"href":"https:\/\/www.ert.tn\/egb\/wp-json\/wp\/v2\/categories?post=4962"},{"taxonomy":"post_tag","embeddable":true,"href":"https:\/\/www.ert.tn\/egb\/wp-json\/wp\/v2\/tags?post=4962"}],"curies":[{"name":"wp","href":"https:\/\/api.w.org\/{rel}","templated":true}]}}