{"id":5548,"date":"2024-06-27T10:21:10","date_gmt":"2024-06-27T08:21:10","guid":{"rendered":"https:\/\/www.ert.tn\/egb\/?p=5548"},"modified":"2024-06-27T10:31:20","modified_gmt":"2024-06-27T08:31:20","slug":"5548","status":"publish","type":"post","link":"https:\/\/www.ert.tn\/egb\/2024\/06\/5548\/","title":{"rendered":"ORGANISATION RENTREE 2024-2025"},"content":{"rendered":"\n<p><strong>Rentr\u00e9e \u00e9chelonn\u00e9e JEUDI 5 SEPTEMBRE :<\/strong><\/p>\n\n\n\n<p><strong>Rentr\u00e9e des \u00e9l\u00e8ves de CP, CE1, CE2, CM1 et CM2 \u00e0 8h<\/strong><strong>2<\/strong><strong>0 (entr\u00e9e par le portail\/regroupement dans la cour\/terrain bleu).<\/strong><\/p>\n\n\n\n<p><strong><u><strong>Pour les maternelles<\/strong><\/u><\/strong><strong>, tous les parents am\u00e8neront leur enfant jusqu&rsquo;\u00e0 la classe<\/strong><strong>, <\/strong><strong>le jour de la rentr\u00e9e<\/strong><strong>. <\/strong><strong>Sortie pour les GS au<\/strong><strong><\/strong><\/p>\n\n\n\n<p><strong>portail. Sortie pour les MS \u00e0 la loge<\/strong><strong>.&nbsp;<\/strong><strong><u><strong>Pour les PS,&nbsp;toute l&rsquo;ann\u00e9e<\/strong><\/u><\/strong><strong>, les parents am\u00e8neront leur enfant jusqu&rsquo;\u00e0 la classe.<\/strong><\/p>\n\n\n\n<p><strong>Rentr\u00e9e des \u00e9l\u00e8ves de GS \u00e0 8h45.<\/strong><\/p>\n\n\n\n<p><strong>Rentr\u00e9e des \u00e9l\u00e8ves de MS \u00e0 9h00.<\/strong><\/p>\n\n\n\n<p><strong>Rentr\u00e9e des \u00e9l\u00e8ves de PS \u00e0 9h15.&nbsp;<\/strong><\/p>\n\n\n\n<p><strong>&#8211;&nbsp;<\/strong><strong><u><strong>A partir de JEUDI 5 SEPTEMBRE&nbsp;<\/strong><\/u><\/strong><strong><u><strong>apr\u00e8s-midi<\/strong><\/u><\/strong><strong>:<\/strong><\/p>\n\n\n\n<p><strong>Les horaires d&rsquo;entr\u00e9e et de sortie d&rsquo;\u00e9cole (ci-dessus) seront appliqu\u00e9s. Les MS entreront et sortiront par la loge. Les PS sortiront par la loge \u00e9galement. De la GS au CM2, les \u00e9l\u00e8ves entreront et sortiront par le portail.<\/strong><\/p>\n\n\n\n<p><strong><u><strong>Les PS n&rsquo;auront \u00e9cole que le matin, <\/strong><\/u><\/strong><strong><u><strong>les <\/strong><\/u><\/strong><strong><u><strong>jeudi 5 et vendredi 6\/09<\/strong><\/u><\/strong><strong>.&nbsp;<\/strong><\/p>\n\n\n\n<p><strong>D\u00e8s lundi 9\/09, ils <\/strong><strong>fe<\/strong><strong>ront la journ\u00e9e compl\u00e8te.<\/strong><\/p>\n\n\n\n<p><strong>&nbsp;&nbsp;<\/strong><strong>BONNE RENTREE !<\/strong><strong><\/strong><\/p>\n","protected":false},"excerpt":{"rendered":"<p>Rentr&eacute;e &eacute;chelonn&eacute;e JEUDI 5 SEPTEMBRE : Rentr&eacute;e des &eacute;l&egrave;ves de CP, CE1, CE2, CM1 et CM2 &agrave; 8h20 (entr&eacute;e par<\/p>\n","protected":false},"author":8,"featured_media":0,"comment_status":"open","ping_status":"open","sticky":false,"template":"","format":"standard","meta":{"footnotes":""},"categories":[313,291,26,309,289],"tags":[],"class_list":["post-5548","post","type-post","status-publish","format-standard","hentry","category-actualites","category-communications","category-etablissement","category-informations-pratiques","category-infos-parents"],"_links":{"self":[{"href":"https:\/\/www.ert.tn\/egb\/wp-json\/wp\/v2\/posts\/5548","targetHints":{"allow":["GET"]}}],"collection":[{"href":"https:\/\/www.ert.tn\/egb\/wp-json\/wp\/v2\/posts"}],"about":[{"href":"https:\/\/www.ert.tn\/egb\/wp-json\/wp\/v2\/types\/post"}],"author":[{"embeddable":true,"href":"https:\/\/www.ert.tn\/egb\/wp-json\/wp\/v2\/users\/8"}],"replies":[{"embeddable":true,"href":"https:\/\/www.ert.tn\/egb\/wp-json\/wp\/v2\/comments?post=5548"}],"version-history":[{"count":2,"href":"https:\/\/www.ert.tn\/egb\/wp-json\/wp\/v2\/posts\/5548\/revisions"}],"predecessor-version":[{"id":5550,"href":"https:\/\/www.ert.tn\/egb\/wp-json\/wp\/v2\/posts\/5548\/revisions\/5550"}],"wp:attachment":[{"href":"https:\/\/www.ert.tn\/egb\/wp-json\/wp\/v2\/media?parent=5548"}],"wp:term":[{"taxonomy":"category","embeddable":true,"href":"https:\/\/www.ert.tn\/egb\/wp-json\/wp\/v2\/categories?post=5548"},{"taxonomy":"post_tag","embeddable":true,"href":"https:\/\/www.ert.tn\/egb\/wp-json\/wp\/v2\/tags?post=5548"}],"curies":[{"name":"wp","href":"https:\/\/api.w.org\/{rel}","templated":true}]}}