{"id":5683,"date":"2025-03-30T12:27:58","date_gmt":"2025-03-30T10:27:58","guid":{"rendered":"https:\/\/www.ert.tn\/egb\/?p=5683"},"modified":"2025-03-30T13:20:21","modified_gmt":"2025-03-30T11:20:21","slug":"lundi-31-03-et-mardi-1er-avril-feries","status":"publish","type":"post","link":"https:\/\/www.ert.tn\/egb\/2025\/03\/lundi-31-03-et-mardi-1er-avril-feries\/","title":{"rendered":"Lundi 31\/03 et mardi 1er avril  f\u00e9ri\u00e9s"},"content":{"rendered":"\n<p>Chers parents,<\/p>\n\n\n\n<p>L&rsquo;A\u00efd \u00e9tant d\u00e9clar\u00e9 Lundi 31 Mars, la reprise des cours aura lieu Mercredi 02 Avril.<\/p>\n\n\n\n<p>Aidkom Mabrouk<\/p>\n\n\n\n<p>Bien cordialement,<\/p>\n\n\n\n<p>la directrice<\/p>\n","protected":false},"excerpt":{"rendered":"<p>Chers parents, L&rsquo;A&iuml;d &eacute;tant d&eacute;clar&eacute; Lundi 31 Mars, la reprise des cours aura lieu Mercredi 02 Avril. Aidkom Mabrouk Bien<\/p>\n","protected":false},"author":8,"featured_media":0,"comment_status":"open","ping_status":"open","sticky":false,"template":"","format":"standard","meta":{"footnotes":""},"categories":[313],"tags":[],"class_list":["post-5683","post","type-post","status-publish","format-standard","hentry","category-actualites"],"_links":{"self":[{"href":"https:\/\/www.ert.tn\/egb\/wp-json\/wp\/v2\/posts\/5683","targetHints":{"allow":["GET"]}}],"collection":[{"href":"https:\/\/www.ert.tn\/egb\/wp-json\/wp\/v2\/posts"}],"about":[{"href":"https:\/\/www.ert.tn\/egb\/wp-json\/wp\/v2\/types\/post"}],"author":[{"embeddable":true,"href":"https:\/\/www.ert.tn\/egb\/wp-json\/wp\/v2\/users\/8"}],"replies":[{"embeddable":true,"href":"https:\/\/www.ert.tn\/egb\/wp-json\/wp\/v2\/comments?post=5683"}],"version-history":[{"count":1,"href":"https:\/\/www.ert.tn\/egb\/wp-json\/wp\/v2\/posts\/5683\/revisions"}],"predecessor-version":[{"id":5684,"href":"https:\/\/www.ert.tn\/egb\/wp-json\/wp\/v2\/posts\/5683\/revisions\/5684"}],"wp:attachment":[{"href":"https:\/\/www.ert.tn\/egb\/wp-json\/wp\/v2\/media?parent=5683"}],"wp:term":[{"taxonomy":"category","embeddable":true,"href":"https:\/\/www.ert.tn\/egb\/wp-json\/wp\/v2\/categories?post=5683"},{"taxonomy":"post_tag","embeddable":true,"href":"https:\/\/www.ert.tn\/egb\/wp-json\/wp\/v2\/tags?post=5683"}],"curies":[{"name":"wp","href":"https:\/\/api.w.org\/{rel}","templated":true}]}}