{"id":4564,"date":"2019-01-30T05:30:00","date_gmt":"2019-01-30T04:30:00","guid":{"rendered":"http:\/\/localhost\/demoerd\/2019\/01\/30\/conseils-deleves-de-cm2-annee-scolaire-2018-2019\/"},"modified":"2019-04-19T09:06:53","modified_gmt":"2019-04-19T07:06:53","slug":"conseils-deleves-de-cm2-annee-scolaire-2018-2019","status":"publish","type":"post","link":"https:\/\/www.ert.tn\/erd\/2019\/01\/30\/conseils-deleves-de-cm2-annee-scolaire-2018-2019\/","title":{"rendered":"Conseils d\u2019\u00e9l\u00e8ves de CM2 &#8211; Ann\u00e9e scolaire 2018-2019"},"content":{"rendered":"<p>Les conseils d\u2019\u00e9l\u00e8ves de CM2 se tiennent \u00e0 chaque p\u00e9riode en pr\u00e9sence des 14 d\u00e9l\u00e9gu\u00e9s de CM2, de la direction, de la vie scolaire et le cas \u00e9ch\u00e9ant de l\u2019infirmi\u00e8re de l\u2019\u00e9cole.<br \/>\nVoici les proc\u00e8s verbaux des conseils qui se sont tenus pour l\u2019ann\u00e9e scolaire en cours :<\/p>\n","protected":false},"excerpt":{"rendered":"<p>Les conseils d&rsquo;&eacute;l&egrave;ves de CM2 se tiennent &agrave; chaque p&eacute;riode en pr&eacute;sence des 14 d&eacute;l&eacute;gu&eacute;s de CM2, de la direction,<\/p>\n","protected":false},"author":1,"featured_media":0,"comment_status":"closed","ping_status":"open","sticky":false,"template":"","format":"standard","meta":{"footnotes":""},"categories":[298],"tags":[],"class_list":["post-4564","post","type-post","status-publish","format-standard","hentry","category-classe-de-ce2"],"_links":{"self":[{"href":"https:\/\/www.ert.tn\/erd\/wp-json\/wp\/v2\/posts\/4564","targetHints":{"allow":["GET"]}}],"collection":[{"href":"https:\/\/www.ert.tn\/erd\/wp-json\/wp\/v2\/posts"}],"about":[{"href":"https:\/\/www.ert.tn\/erd\/wp-json\/wp\/v2\/types\/post"}],"author":[{"embeddable":true,"href":"https:\/\/www.ert.tn\/erd\/wp-json\/wp\/v2\/users\/1"}],"replies":[{"embeddable":true,"href":"https:\/\/www.ert.tn\/erd\/wp-json\/wp\/v2\/comments?post=4564"}],"version-history":[{"count":1,"href":"https:\/\/www.ert.tn\/erd\/wp-json\/wp\/v2\/posts\/4564\/revisions"}],"predecessor-version":[{"id":4596,"href":"https:\/\/www.ert.tn\/erd\/wp-json\/wp\/v2\/posts\/4564\/revisions\/4596"}],"wp:attachment":[{"href":"https:\/\/www.ert.tn\/erd\/wp-json\/wp\/v2\/media?parent=4564"}],"wp:term":[{"taxonomy":"category","embeddable":true,"href":"https:\/\/www.ert.tn\/erd\/wp-json\/wp\/v2\/categories?post=4564"},{"taxonomy":"post_tag","embeddable":true,"href":"https:\/\/www.ert.tn\/erd\/wp-json\/wp\/v2\/tags?post=4564"}],"curies":[{"name":"wp","href":"https:\/\/api.w.org\/{rel}","templated":true}]}}