{"id":5584,"date":"2022-01-07T09:01:00","date_gmt":"2022-01-07T08:01:00","guid":{"rendered":"https:\/\/www.ert.tn\/erd\/?p=5584"},"modified":"2022-01-14T14:27:58","modified_gmt":"2022-01-14T13:27:58","slug":"cm1-parcours-deducation-artistique-et-culturelle","status":"publish","type":"post","link":"https:\/\/www.ert.tn\/erd\/2022\/01\/07\/cm1-parcours-deducation-artistique-et-culturelle\/","title":{"rendered":"CM1: parcours d&rsquo;\u00e9ducation artistique et culturelle"},"content":{"rendered":"\n<p><a href=\"https:\/\/www.facebook.com\/hashtag\/projets?__eep__=6&amp;__cft__[0]=AZWenLw4b8hFxwPi2s3U0lfrasLgjN0GEGB2e4g369zPx-Cyz5CdjXfslxOHEHYKDyqdyepfsqhP_ag7MnkozHheTEbl7zCDcZWrxWEF2_eR_jvQRab3FafwNHIEk8z26VWjBYhRW4Ij9huTKoViKiDMx8u92sw6LejzN0cFSm5I7A&amp;__tn__=*NK-R\">#projets<\/a> Les \u00e9l\u00e8ves de CM1 F apr\u00e8s une visite virtuelle de mus\u00e9es devaient cr\u00e9er et reproduire une \u0153uvre d\u2019art de leur choix. <img loading=\"lazy\" decoding=\"async\" alt=\"&#x1f44d;\" src=\"https:\/\/static.xx.fbcdn.net\/images\/emoji.php\/v9\/tfc\/1\/16\/1f44d.png\" width=\"16\" height=\"16\"><img loading=\"lazy\" decoding=\"async\" alt=\"&#x1f44f;\" src=\"https:\/\/static.xx.fbcdn.net\/images\/emoji.php\/v9\/tfe\/1\/16\/1f44f.png\" width=\"16\" height=\"16\"><img loading=\"lazy\" decoding=\"async\" alt=\"&#x1f44f;\" src=\"https:\/\/static.xx.fbcdn.net\/images\/emoji.php\/v9\/tfe\/1\/16\/1f44f.png\" width=\"16\" height=\"16\"><a href=\"https:\/\/www.facebook.com\/hashtag\/parcours?__eep__=6&amp;__cft__[0]=AZWenLw4b8hFxwPi2s3U0lfrasLgjN0GEGB2e4g369zPx-Cyz5CdjXfslxOHEHYKDyqdyepfsqhP_ag7MnkozHheTEbl7zCDcZWrxWEF2_eR_jvQRab3FafwNHIEk8z26VWjBYhRW4Ij9huTKoViKiDMx8u92sw6LejzN0cFSm5I7A&amp;__tn__=*NK-R\">#parcours<\/a> d&rsquo;\u00e9ducation artistique et culturelle<\/p>\n\n\n\n<figure class=\"wp-block-image size-large\"><img loading=\"lazy\" decoding=\"async\" width=\"675\" height=\"900\" src=\"https:\/\/www.ert.tn\/erd\/wp-content\/uploads\/2022\/01\/271539934_123545893495543_2626895401683352148_n.jpg\" alt=\"\" class=\"wp-image-5585\" srcset=\"https:\/\/www.ert.tn\/erd\/wp-content\/uploads\/2022\/01\/271539934_123545893495543_2626895401683352148_n.jpg 675w, https:\/\/www.ert.tn\/erd\/wp-content\/uploads\/2022\/01\/271539934_123545893495543_2626895401683352148_n-225x300.jpg 225w\" sizes=\"auto, (max-width: 675px) 100vw, 675px\" \/><\/figure>\n\n\n\n<figure class=\"wp-block-image size-large\"><img loading=\"lazy\" decoding=\"async\" width=\"1024\" height=\"725\" src=\"https:\/\/www.ert.tn\/erd\/wp-content\/uploads\/2022\/01\/Picsart_22-01-06_16-13-20-151-1024x725.jpg\" alt=\"\" class=\"wp-image-5602\" srcset=\"https:\/\/www.ert.tn\/erd\/wp-content\/uploads\/2022\/01\/Picsart_22-01-06_16-13-20-151-1024x725.jpg 1024w, https:\/\/www.ert.tn\/erd\/wp-content\/uploads\/2022\/01\/Picsart_22-01-06_16-13-20-151-300x212.jpg 300w, https:\/\/www.ert.tn\/erd\/wp-content\/uploads\/2022\/01\/Picsart_22-01-06_16-13-20-151-768x543.jpg 768w, https:\/\/www.ert.tn\/erd\/wp-content\/uploads\/2022\/01\/Picsart_22-01-06_16-13-20-151-1536x1087.jpg 1536w, https:\/\/www.ert.tn\/erd\/wp-content\/uploads\/2022\/01\/Picsart_22-01-06_16-13-20-151-2048x1449.jpg 2048w\" sizes=\"auto, (max-width: 1024px) 100vw, 1024px\" \/><\/figure>\n\n\n\n<figure class=\"wp-block-image size-large\"><img loading=\"lazy\" decoding=\"async\" width=\"724\" height=\"1024\" src=\"https:\/\/www.ert.tn\/erd\/wp-content\/uploads\/2022\/01\/Nature-morte-aux-pommes-Hector_page-0001-724x1024.jpg\" alt=\"\" class=\"wp-image-5603\" srcset=\"https:\/\/www.ert.tn\/erd\/wp-content\/uploads\/2022\/01\/Nature-morte-aux-pommes-Hector_page-0001-724x1024.jpg 724w, https:\/\/www.ert.tn\/erd\/wp-content\/uploads\/2022\/01\/Nature-morte-aux-pommes-Hector_page-0001-212x300.jpg 212w, https:\/\/www.ert.tn\/erd\/wp-content\/uploads\/2022\/01\/Nature-morte-aux-pommes-Hector_page-0001-768x1087.jpg 768w, https:\/\/www.ert.tn\/erd\/wp-content\/uploads\/2022\/01\/Nature-morte-aux-pommes-Hector_page-0001-1085x1536.jpg 1085w, https:\/\/www.ert.tn\/erd\/wp-content\/uploads\/2022\/01\/Nature-morte-aux-pommes-Hector_page-0001.jpg 1240w\" sizes=\"auto, (max-width: 724px) 100vw, 724px\" \/><\/figure>\n","protected":false},"excerpt":{"rendered":"<p>#projets Les &eacute;l&egrave;ves de CM1 F apr&egrave;s une visite virtuelle de mus&eacute;es devaient cr&eacute;er et reproduire une &oelig;uvre d&rsquo;art de<\/p>\n","protected":false},"author":1,"featured_media":0,"comment_status":"closed","ping_status":"closed","sticky":false,"template":"","format":"standard","meta":{"footnotes":""},"categories":[299,266],"tags":[],"class_list":["post-5584","post","type-post","status-publish","format-standard","hentry","category-classe-de-cm1","category-vie-des-classes"],"_links":{"self":[{"href":"https:\/\/www.ert.tn\/erd\/wp-json\/wp\/v2\/posts\/5584","targetHints":{"allow":["GET"]}}],"collection":[{"href":"https:\/\/www.ert.tn\/erd\/wp-json\/wp\/v2\/posts"}],"about":[{"href":"https:\/\/www.ert.tn\/erd\/wp-json\/wp\/v2\/types\/post"}],"author":[{"embeddable":true,"href":"https:\/\/www.ert.tn\/erd\/wp-json\/wp\/v2\/users\/1"}],"replies":[{"embeddable":true,"href":"https:\/\/www.ert.tn\/erd\/wp-json\/wp\/v2\/comments?post=5584"}],"version-history":[{"count":2,"href":"https:\/\/www.ert.tn\/erd\/wp-json\/wp\/v2\/posts\/5584\/revisions"}],"predecessor-version":[{"id":5604,"href":"https:\/\/www.ert.tn\/erd\/wp-json\/wp\/v2\/posts\/5584\/revisions\/5604"}],"wp:attachment":[{"href":"https:\/\/www.ert.tn\/erd\/wp-json\/wp\/v2\/media?parent=5584"}],"wp:term":[{"taxonomy":"category","embeddable":true,"href":"https:\/\/www.ert.tn\/erd\/wp-json\/wp\/v2\/categories?post=5584"},{"taxonomy":"post_tag","embeddable":true,"href":"https:\/\/www.ert.tn\/erd\/wp-json\/wp\/v2\/tags?post=5584"}],"curies":[{"name":"wp","href":"https:\/\/api.w.org\/{rel}","templated":true}]}}