{"id":5734,"date":"2022-03-09T08:53:39","date_gmt":"2022-03-09T07:53:39","guid":{"rendered":"https:\/\/www.ert.tn\/erd\/?p=5734"},"modified":"2022-08-29T12:34:29","modified_gmt":"2022-08-29T10:34:29","slug":"cm2-presentation-section-si","status":"publish","type":"post","link":"https:\/\/www.ert.tn\/erd\/2022\/03\/09\/cm2-presentation-section-si\/","title":{"rendered":"CM2: pr\u00e9sentation section SI"},"content":{"rendered":"\n<p><a href=\"https:\/\/www.facebook.com\/hashtag\/parcourslangues?__eep__=6&amp;__cft__[0]=AZUap4LztTnL-3lLgSHsguZh9AJlp5i454iWzWocKe1H_XvAuH3Af81BZ4cf3N_1BfVwzB4kzsuxsA5aEqAkwPpECE8KtH-YYhHluUsB_pPcEW8VQxXhXpEFjEYODkNTfsk&amp;__tn__=*NK-R\">#parcourslangues<\/a> ce mercredi pr\u00e9sentation de la section internationale arabe 6 \u00e8me pour toutes les classes de CM2. Merci \u00e0 M. Mejri pour ce temps d\u2019information et d\u2019\u00e9changes <img loading=\"lazy\" decoding=\"async\" alt=\"&#x1f44d;\" src=\"https:\/\/static.xx.fbcdn.net\/images\/emoji.php\/v9\/tfc\/1\/16\/1f44d.png\" width=\"16\" height=\"16\"><\/p>\n\n\n\n<figure class=\"wp-block-image size-large\"><img loading=\"lazy\" decoding=\"async\" width=\"1024\" height=\"1024\" src=\"https:\/\/www.ert.tn\/erd\/wp-content\/uploads\/2022\/03\/275441641_144996408002675_1041845535616545237_n-1024x1024.jpg\" alt=\"\" class=\"wp-image-5735\" srcset=\"https:\/\/www.ert.tn\/erd\/wp-content\/uploads\/2022\/03\/275441641_144996408002675_1041845535616545237_n-1024x1024.jpg 1024w, https:\/\/www.ert.tn\/erd\/wp-content\/uploads\/2022\/03\/275441641_144996408002675_1041845535616545237_n-300x300.jpg 300w, https:\/\/www.ert.tn\/erd\/wp-content\/uploads\/2022\/03\/275441641_144996408002675_1041845535616545237_n-150x150.jpg 150w, https:\/\/www.ert.tn\/erd\/wp-content\/uploads\/2022\/03\/275441641_144996408002675_1041845535616545237_n-768x768.jpg 768w, https:\/\/www.ert.tn\/erd\/wp-content\/uploads\/2022\/03\/275441641_144996408002675_1041845535616545237_n-1536x1536.jpg 1536w, https:\/\/www.ert.tn\/erd\/wp-content\/uploads\/2022\/03\/275441641_144996408002675_1041845535616545237_n.jpg 2048w\" sizes=\"auto, (max-width: 1024px) 100vw, 1024px\" \/><\/figure>\n","protected":false},"excerpt":{"rendered":"<p>#parcourslangues ce mercredi pr&eacute;sentation de la section internationale arabe 6 &egrave;me pour toutes les classes de CM2. Merci &agrave; M.<\/p>\n","protected":false},"author":1,"featured_media":0,"comment_status":"closed","ping_status":"closed","sticky":false,"template":"","format":"standard","meta":{"footnotes":""},"categories":[300,266],"tags":[],"class_list":["post-5734","post","type-post","status-publish","format-standard","hentry","category-classe-de-cm2","category-vie-des-classes"],"_links":{"self":[{"href":"https:\/\/www.ert.tn\/erd\/wp-json\/wp\/v2\/posts\/5734","targetHints":{"allow":["GET"]}}],"collection":[{"href":"https:\/\/www.ert.tn\/erd\/wp-json\/wp\/v2\/posts"}],"about":[{"href":"https:\/\/www.ert.tn\/erd\/wp-json\/wp\/v2\/types\/post"}],"author":[{"embeddable":true,"href":"https:\/\/www.ert.tn\/erd\/wp-json\/wp\/v2\/users\/1"}],"replies":[{"embeddable":true,"href":"https:\/\/www.ert.tn\/erd\/wp-json\/wp\/v2\/comments?post=5734"}],"version-history":[{"count":2,"href":"https:\/\/www.ert.tn\/erd\/wp-json\/wp\/v2\/posts\/5734\/revisions"}],"predecessor-version":[{"id":6049,"href":"https:\/\/www.ert.tn\/erd\/wp-json\/wp\/v2\/posts\/5734\/revisions\/6049"}],"wp:attachment":[{"href":"https:\/\/www.ert.tn\/erd\/wp-json\/wp\/v2\/media?parent=5734"}],"wp:term":[{"taxonomy":"category","embeddable":true,"href":"https:\/\/www.ert.tn\/erd\/wp-json\/wp\/v2\/categories?post=5734"},{"taxonomy":"post_tag","embeddable":true,"href":"https:\/\/www.ert.tn\/erd\/wp-json\/wp\/v2\/tags?post=5734"}],"curies":[{"name":"wp","href":"https:\/\/api.w.org\/{rel}","templated":true}]}}