{"id":5867,"date":"2022-03-30T10:11:26","date_gmt":"2022-03-30T08:11:26","guid":{"rendered":"https:\/\/www.ert.tn\/erd\/?p=5867"},"modified":"2022-08-29T12:33:10","modified_gmt":"2022-08-29T10:33:10","slug":"cm2c-semaine-de-la-presse-et-des-medias","status":"publish","type":"post","link":"https:\/\/www.ert.tn\/erd\/2022\/03\/30\/cm2c-semaine-de-la-presse-et-des-medias\/","title":{"rendered":"CM2D: semaine de la presse et des m\u00e9dias"},"content":{"rendered":"\n<p><a href=\"https:\/\/www.facebook.com\/hashtag\/semainedelapresseetdesmedias?__eep__=6&amp;__cft__[0]=AZWFsXz-Bi0DX0w2b4NAdKE51v3adVN7E4ybdMB4GT3-NiweFVbQK1i4x1mIgvpcB9a25LXlHvO0aagjcg3gkewqxMpHb9YNisEQ2_vB7W1nvFC5awY0EXgQxfJTEfDSxQw&amp;__tn__=*NK-R\">#semainedelapresseetdesmedias<\/a> \u00e0 l&rsquo;\u00e9cole Les journalistes en herbe de CM2 D pr\u00e9parent leurs sujets en atelier et peaufinent les questions qu\u2019ils poseront lors de leur enqu\u00eate sur le terrain. Comme \u00e0 M. Latreille, professeur d EPS et organisateur de la semaine du rugby \u00e0 Tunis <img loading=\"lazy\" decoding=\"async\" alt=\"&#x1f44d;\" src=\"https:\/\/static.xx.fbcdn.net\/images\/emoji.php\/v9\/tfc\/1\/16\/1f44d.png\" width=\"16\" height=\"16\"><\/p>\n\n\n\n<figure class=\"wp-block-image size-large\"><img loading=\"lazy\" decoding=\"async\" width=\"526\" height=\"526\" src=\"https:\/\/www.ert.tn\/erd\/wp-content\/uploads\/2022\/03\/277491123_149778117524504_7330835652310510501_n.jpg\" alt=\"\" class=\"wp-image-5868\" srcset=\"https:\/\/www.ert.tn\/erd\/wp-content\/uploads\/2022\/03\/277491123_149778117524504_7330835652310510501_n.jpg 526w, https:\/\/www.ert.tn\/erd\/wp-content\/uploads\/2022\/03\/277491123_149778117524504_7330835652310510501_n-300x300.jpg 300w, https:\/\/www.ert.tn\/erd\/wp-content\/uploads\/2022\/03\/277491123_149778117524504_7330835652310510501_n-150x150.jpg 150w\" sizes=\"auto, (max-width: 526px) 100vw, 526px\" \/><\/figure>\n","protected":false},"excerpt":{"rendered":"<p>#semainedelapresseetdesmedias &agrave; l&rsquo;&eacute;cole Les journalistes en herbe de CM2 D pr&eacute;parent leurs sujets en atelier et peaufinent les questions qu&rsquo;ils<\/p>\n","protected":false},"author":1,"featured_media":5853,"comment_status":"closed","ping_status":"closed","sticky":false,"template":"","format":"standard","meta":{"footnotes":""},"categories":[300,266],"tags":[],"class_list":["post-5867","post","type-post","status-publish","format-standard","has-post-thumbnail","hentry","category-classe-de-cm2","category-vie-des-classes"],"_links":{"self":[{"href":"https:\/\/www.ert.tn\/erd\/wp-json\/wp\/v2\/posts\/5867","targetHints":{"allow":["GET"]}}],"collection":[{"href":"https:\/\/www.ert.tn\/erd\/wp-json\/wp\/v2\/posts"}],"about":[{"href":"https:\/\/www.ert.tn\/erd\/wp-json\/wp\/v2\/types\/post"}],"author":[{"embeddable":true,"href":"https:\/\/www.ert.tn\/erd\/wp-json\/wp\/v2\/users\/1"}],"replies":[{"embeddable":true,"href":"https:\/\/www.ert.tn\/erd\/wp-json\/wp\/v2\/comments?post=5867"}],"version-history":[{"count":3,"href":"https:\/\/www.ert.tn\/erd\/wp-json\/wp\/v2\/posts\/5867\/revisions"}],"predecessor-version":[{"id":6046,"href":"https:\/\/www.ert.tn\/erd\/wp-json\/wp\/v2\/posts\/5867\/revisions\/6046"}],"wp:featuredmedia":[{"embeddable":true,"href":"https:\/\/www.ert.tn\/erd\/wp-json\/wp\/v2\/media\/5853"}],"wp:attachment":[{"href":"https:\/\/www.ert.tn\/erd\/wp-json\/wp\/v2\/media?parent=5867"}],"wp:term":[{"taxonomy":"category","embeddable":true,"href":"https:\/\/www.ert.tn\/erd\/wp-json\/wp\/v2\/categories?post=5867"},{"taxonomy":"post_tag","embeddable":true,"href":"https:\/\/www.ert.tn\/erd\/wp-json\/wp\/v2\/tags?post=5867"}],"curies":[{"name":"wp","href":"https:\/\/api.w.org\/{rel}","templated":true}]}}