{"id":5879,"date":"2022-03-31T09:46:16","date_gmt":"2022-03-31T07:46:16","guid":{"rendered":"https:\/\/www.ert.tn\/erd\/?p=5879"},"modified":"2022-08-29T12:32:47","modified_gmt":"2022-08-29T10:32:47","slug":"cm1-lecole-court","status":"publish","type":"post","link":"https:\/\/www.ert.tn\/erd\/2022\/03\/31\/cm1-lecole-court\/","title":{"rendered":"CM1: L&rsquo;\u00e9cole court"},"content":{"rendered":"\n<p><a href=\"https:\/\/www.facebook.com\/hashtag\/cross?__eep__=6&amp;__cft__[0]=AZVHVfKE7owHFLm3N91VSoQQfi7VRGzBz9F0y-Ripb7xyMLwoao5bPPv0CGtaHTx0kYjrZDsh9LiuO-2fmpTSSs3SQ1Kmlf8xwsH-2rmdtcRWg&amp;__tn__=*NK-R\">#cross<\/a> apr\u00e8s les CE2 , les \u00e9l\u00e8ves de CM1 se sont engag\u00e9s dans la course, 12 minutes sans s\u2019arr\u00eater.Belle matin\u00e9e au cours de laquelle les \u00e9l\u00e8ves se sont investis, ont r\u00e9alis\u00e9 une performance et ont particip\u00e9 \u00e0 une action solidaire gr\u00e2ce aux dons de leurs parents <img loading=\"lazy\" decoding=\"async\" alt=\"&#x1f44f;\" src=\"https:\/\/static.xx.fbcdn.net\/images\/emoji.php\/v9\/t57\/1.5\/16\/1f44f.png\" width=\"16\" height=\"16\"><img loading=\"lazy\" decoding=\"async\" alt=\"&#x1f44d;\" src=\"https:\/\/static.xx.fbcdn.net\/images\/emoji.php\/v9\/t55\/1.5\/16\/1f44d.png\" width=\"16\" height=\"16\"><img loading=\"lazy\" decoding=\"async\" alt=\"&#x1f3c3;\" src=\"https:\/\/static.xx.fbcdn.net\/images\/emoji.php\/v9\/t94\/1.5\/16\/1f3c3.png\" width=\"16\" height=\"16\"><\/p>\n\n\n\n<figure class=\"wp-block-image size-large\"><img loading=\"lazy\" decoding=\"async\" width=\"1024\" height=\"1024\" src=\"https:\/\/www.ert.tn\/erd\/wp-content\/uploads\/2022\/03\/277481467_150012250834424_3335290440277058090_n-1024x1024.jpg\" alt=\"\" class=\"wp-image-5880\" srcset=\"https:\/\/www.ert.tn\/erd\/wp-content\/uploads\/2022\/03\/277481467_150012250834424_3335290440277058090_n-1024x1024.jpg 1024w, https:\/\/www.ert.tn\/erd\/wp-content\/uploads\/2022\/03\/277481467_150012250834424_3335290440277058090_n-300x300.jpg 300w, https:\/\/www.ert.tn\/erd\/wp-content\/uploads\/2022\/03\/277481467_150012250834424_3335290440277058090_n-150x150.jpg 150w, https:\/\/www.ert.tn\/erd\/wp-content\/uploads\/2022\/03\/277481467_150012250834424_3335290440277058090_n-768x768.jpg 768w, https:\/\/www.ert.tn\/erd\/wp-content\/uploads\/2022\/03\/277481467_150012250834424_3335290440277058090_n-1536x1536.jpg 1536w, https:\/\/www.ert.tn\/erd\/wp-content\/uploads\/2022\/03\/277481467_150012250834424_3335290440277058090_n.jpg 2048w\" sizes=\"auto, (max-width: 1024px) 100vw, 1024px\" \/><\/figure>\n","protected":false},"excerpt":{"rendered":"<p>#cross apr&egrave;s les CE2 , les &eacute;l&egrave;ves de CM1 se sont engag&eacute;s dans la course, 12 minutes sans s&rsquo;arr&ecirc;ter.Belle matin&eacute;e<\/p>\n","protected":false},"author":1,"featured_media":0,"comment_status":"closed","ping_status":"closed","sticky":false,"template":"","format":"standard","meta":{"footnotes":""},"categories":[299,266],"tags":[],"class_list":["post-5879","post","type-post","status-publish","format-standard","hentry","category-classe-de-cm1","category-vie-des-classes"],"_links":{"self":[{"href":"https:\/\/www.ert.tn\/erd\/wp-json\/wp\/v2\/posts\/5879","targetHints":{"allow":["GET"]}}],"collection":[{"href":"https:\/\/www.ert.tn\/erd\/wp-json\/wp\/v2\/posts"}],"about":[{"href":"https:\/\/www.ert.tn\/erd\/wp-json\/wp\/v2\/types\/post"}],"author":[{"embeddable":true,"href":"https:\/\/www.ert.tn\/erd\/wp-json\/wp\/v2\/users\/1"}],"replies":[{"embeddable":true,"href":"https:\/\/www.ert.tn\/erd\/wp-json\/wp\/v2\/comments?post=5879"}],"version-history":[{"count":2,"href":"https:\/\/www.ert.tn\/erd\/wp-json\/wp\/v2\/posts\/5879\/revisions"}],"predecessor-version":[{"id":6045,"href":"https:\/\/www.ert.tn\/erd\/wp-json\/wp\/v2\/posts\/5879\/revisions\/6045"}],"wp:attachment":[{"href":"https:\/\/www.ert.tn\/erd\/wp-json\/wp\/v2\/media?parent=5879"}],"wp:term":[{"taxonomy":"category","embeddable":true,"href":"https:\/\/www.ert.tn\/erd\/wp-json\/wp\/v2\/categories?post=5879"},{"taxonomy":"post_tag","embeddable":true,"href":"https:\/\/www.ert.tn\/erd\/wp-json\/wp\/v2\/tags?post=5879"}],"curies":[{"name":"wp","href":"https:\/\/api.w.org\/{rel}","templated":true}]}}