{"id":5986,"date":"2022-05-31T09:26:45","date_gmt":"2022-05-31T07:26:45","guid":{"rendered":"https:\/\/www.ert.tn\/erd\/?p=5986"},"modified":"2022-08-29T12:28:40","modified_gmt":"2022-08-29T10:28:40","slug":"cm2-mai-des-langues","status":"publish","type":"post","link":"https:\/\/www.ert.tn\/erd\/2022\/05\/31\/cm2-mai-des-langues\/","title":{"rendered":"CM2: Mai des langues"},"content":{"rendered":"\n<p><a href=\"https:\/\/www.facebook.com\/hashtag\/projet?__eep__=6&amp;__cft__[0]=AZV2TcCT_IcfOcKfmBViT2Bepdea-8PS0pzwnPfOTkXPWDLagqO_YXgiH0TaAuEA-d-M97ETC6pzTD6ZqV1CfvWp7ffwg4OBTAvcr0dzTTtdSbWm7unLboNpkpVPjwGMXSiq0OToSAl7zN08Q2qFQUQxO5g54FTtXmZNDx1gPkU0WDGGhlumzxjvpQxOZz--WsrAW0_wW0Sw5GHF2dh9HKfr&amp;__tn__=*NK-R\">#projet<\/a> belle repr\u00e9sentation des Classes de CM2 pour le <a href=\"https:\/\/www.facebook.com\/hashtag\/maideslangues?__eep__=6&amp;__cft__[0]=AZV2TcCT_IcfOcKfmBViT2Bepdea-8PS0pzwnPfOTkXPWDLagqO_YXgiH0TaAuEA-d-M97ETC6pzTD6ZqV1CfvWp7ffwg4OBTAvcr0dzTTtdSbWm7unLboNpkpVPjwGMXSiq0OToSAl7zN08Q2qFQUQxO5g54FTtXmZNDx1gPkU0WDGGhlumzxjvpQxOZz--WsrAW0_wW0Sw5GHF2dh9HKfr&amp;__tn__=*NK-R\">#maideslangues<\/a> avec des sayn\u00e8tes, des chants,des proverbes compar\u00e9s, des mots dans toutes les langues :amour, bonjour, bienvenue..en Ukrainien, Russe, italien, espagnol, japonais, cor\u00e9en\u2026Riche ! bravo aux enfants pour leur investissement dans ce projet et aux ma\u00eetresses qui les ont accompagn\u00e9s <img loading=\"lazy\" decoding=\"async\" alt=\"&#x1f44d;\" src=\"https:\/\/static.xx.fbcdn.net\/images\/emoji.php\/v9\/tfc\/1\/16\/1f44d.png\" width=\"16\" height=\"16\"><img loading=\"lazy\" decoding=\"async\" alt=\"&#x1f44f;\" src=\"https:\/\/static.xx.fbcdn.net\/images\/emoji.php\/v9\/tfe\/1\/16\/1f44f.png\" width=\"16\" height=\"16\"><\/p>\n\n\n\n<figure class=\"wp-block-image size-large\"><img loading=\"lazy\" decoding=\"async\" width=\"1024\" height=\"1024\" src=\"https:\/\/www.ert.tn\/erd\/wp-content\/uploads\/2022\/05\/281581899_163553636161435_8621213683983302758_n-1024x1024.jpg\" alt=\"\" class=\"wp-image-5987\" srcset=\"https:\/\/www.ert.tn\/erd\/wp-content\/uploads\/2022\/05\/281581899_163553636161435_8621213683983302758_n-1024x1024.jpg 1024w, https:\/\/www.ert.tn\/erd\/wp-content\/uploads\/2022\/05\/281581899_163553636161435_8621213683983302758_n-300x300.jpg 300w, https:\/\/www.ert.tn\/erd\/wp-content\/uploads\/2022\/05\/281581899_163553636161435_8621213683983302758_n-150x150.jpg 150w, https:\/\/www.ert.tn\/erd\/wp-content\/uploads\/2022\/05\/281581899_163553636161435_8621213683983302758_n-768x768.jpg 768w, https:\/\/www.ert.tn\/erd\/wp-content\/uploads\/2022\/05\/281581899_163553636161435_8621213683983302758_n-1536x1536.jpg 1536w, https:\/\/www.ert.tn\/erd\/wp-content\/uploads\/2022\/05\/281581899_163553636161435_8621213683983302758_n.jpg 2048w\" sizes=\"auto, (max-width: 1024px) 100vw, 1024px\" \/><\/figure>\n","protected":false},"excerpt":{"rendered":"<p>#projet belle repr&eacute;sentation des Classes de CM2 pour le #maideslangues avec des sayn&egrave;tes, des chants,des proverbes compar&eacute;s, des mots dans<\/p>\n","protected":false},"author":1,"featured_media":0,"comment_status":"closed","ping_status":"closed","sticky":false,"template":"","format":"standard","meta":{"footnotes":""},"categories":[300,266],"tags":[],"class_list":["post-5986","post","type-post","status-publish","format-standard","hentry","category-classe-de-cm2","category-vie-des-classes"],"_links":{"self":[{"href":"https:\/\/www.ert.tn\/erd\/wp-json\/wp\/v2\/posts\/5986","targetHints":{"allow":["GET"]}}],"collection":[{"href":"https:\/\/www.ert.tn\/erd\/wp-json\/wp\/v2\/posts"}],"about":[{"href":"https:\/\/www.ert.tn\/erd\/wp-json\/wp\/v2\/types\/post"}],"author":[{"embeddable":true,"href":"https:\/\/www.ert.tn\/erd\/wp-json\/wp\/v2\/users\/1"}],"replies":[{"embeddable":true,"href":"https:\/\/www.ert.tn\/erd\/wp-json\/wp\/v2\/comments?post=5986"}],"version-history":[{"count":2,"href":"https:\/\/www.ert.tn\/erd\/wp-json\/wp\/v2\/posts\/5986\/revisions"}],"predecessor-version":[{"id":6040,"href":"https:\/\/www.ert.tn\/erd\/wp-json\/wp\/v2\/posts\/5986\/revisions\/6040"}],"wp:attachment":[{"href":"https:\/\/www.ert.tn\/erd\/wp-json\/wp\/v2\/media?parent=5986"}],"wp:term":[{"taxonomy":"category","embeddable":true,"href":"https:\/\/www.ert.tn\/erd\/wp-json\/wp\/v2\/categories?post=5986"},{"taxonomy":"post_tag","embeddable":true,"href":"https:\/\/www.ert.tn\/erd\/wp-json\/wp\/v2\/tags?post=5986"}],"curies":[{"name":"wp","href":"https:\/\/api.w.org\/{rel}","templated":true}]}}