{"id":6492,"date":"2023-04-12T13:01:00","date_gmt":"2023-04-12T11:01:00","guid":{"rendered":"https:\/\/www.ert.tn\/erd\/?p=6492"},"modified":"2023-04-12T13:01:01","modified_gmt":"2023-04-12T11:01:01","slug":"action-de-solidarite-operation-nettoyons-la-nature","status":"publish","type":"post","link":"https:\/\/www.ert.tn\/erd\/2023\/04\/12\/action-de-solidarite-operation-nettoyons-la-nature\/","title":{"rendered":"Action de solidarit\u00e9: Op\u00e9ration Nettoyons la nature"},"content":{"rendered":"\n<p><br>Les classes de CPE et CE1A, accompagn\u00e9es de l&rsquo;\u00e9cole du 2 mars, ont nettoy\u00e9 ce matin les abords de l&rsquo;\u00e9cole (parking, parc&#8230;)21.200 kg de d\u00e9chets ont \u00e9t\u00e9 collect\u00e9s<br>Un grand bravo aux enfants et merci aux mamans accompagnatrices<\/p>\n\n\n\n<figure class=\"wp-block-image size-large\"><img loading=\"lazy\" decoding=\"async\" width=\"480\" height=\"640\" src=\"https:\/\/www.ert.tn\/erd\/wp-content\/uploads\/2023\/04\/photo1-rotated.jpg\" alt=\"\" class=\"wp-image-6493\" srcset=\"https:\/\/www.ert.tn\/erd\/wp-content\/uploads\/2023\/04\/photo1-rotated.jpg 480w, https:\/\/www.ert.tn\/erd\/wp-content\/uploads\/2023\/04\/photo1-225x300.jpg 225w\" sizes=\"auto, (max-width: 480px) 100vw, 480px\" \/><\/figure>\n\n\n\n<figure class=\"wp-block-image size-large\"><img loading=\"lazy\" decoding=\"async\" width=\"480\" height=\"640\" src=\"https:\/\/www.ert.tn\/erd\/wp-content\/uploads\/2023\/04\/photo2-rotated.jpg\" alt=\"\" class=\"wp-image-6494\" srcset=\"https:\/\/www.ert.tn\/erd\/wp-content\/uploads\/2023\/04\/photo2-rotated.jpg 480w, https:\/\/www.ert.tn\/erd\/wp-content\/uploads\/2023\/04\/photo2-225x300.jpg 225w\" sizes=\"auto, (max-width: 480px) 100vw, 480px\" \/><\/figure>\n\n\n\n<figure class=\"wp-block-image size-large\"><img loading=\"lazy\" decoding=\"async\" width=\"480\" height=\"640\" src=\"https:\/\/www.ert.tn\/erd\/wp-content\/uploads\/2023\/04\/photo3-rotated.jpg\" alt=\"\" class=\"wp-image-6495\" srcset=\"https:\/\/www.ert.tn\/erd\/wp-content\/uploads\/2023\/04\/photo3-rotated.jpg 480w, https:\/\/www.ert.tn\/erd\/wp-content\/uploads\/2023\/04\/photo3-225x300.jpg 225w\" sizes=\"auto, (max-width: 480px) 100vw, 480px\" \/><\/figure>\n\n\n\n<figure class=\"wp-block-image size-large\"><img loading=\"lazy\" decoding=\"async\" width=\"480\" height=\"640\" src=\"https:\/\/www.ert.tn\/erd\/wp-content\/uploads\/2023\/04\/photo4-rotated.jpg\" alt=\"\" class=\"wp-image-6496\" srcset=\"https:\/\/www.ert.tn\/erd\/wp-content\/uploads\/2023\/04\/photo4-rotated.jpg 480w, https:\/\/www.ert.tn\/erd\/wp-content\/uploads\/2023\/04\/photo4-225x300.jpg 225w\" sizes=\"auto, (max-width: 480px) 100vw, 480px\" \/><\/figure>\n\n\n\n<figure class=\"wp-block-image size-large\"><img loading=\"lazy\" decoding=\"async\" width=\"572\" height=\"640\" src=\"https:\/\/www.ert.tn\/erd\/wp-content\/uploads\/2023\/04\/photo5.jpg\" alt=\"\" class=\"wp-image-6497\" srcset=\"https:\/\/www.ert.tn\/erd\/wp-content\/uploads\/2023\/04\/photo5.jpg 572w, https:\/\/www.ert.tn\/erd\/wp-content\/uploads\/2023\/04\/photo5-268x300.jpg 268w\" sizes=\"auto, (max-width: 572px) 100vw, 572px\" \/><\/figure>\n","protected":false},"excerpt":{"rendered":"<p>Les classes de CPE et CE1A, accompagn&eacute;es de l&rsquo;&eacute;cole du 2 mars, ont nettoy&eacute; ce matin les abords de l&rsquo;&eacute;cole<\/p>\n","protected":false},"author":1,"featured_media":0,"comment_status":"closed","ping_status":"closed","sticky":false,"template":"","format":"standard","meta":{"footnotes":""},"categories":[321,297,295,266],"tags":[],"class_list":["post-6492","post","type-post","status-publish","format-standard","hentry","category-actualites","category-classe-de-ce1","category-classe-de-cp","category-vie-des-classes"],"_links":{"self":[{"href":"https:\/\/www.ert.tn\/erd\/wp-json\/wp\/v2\/posts\/6492","targetHints":{"allow":["GET"]}}],"collection":[{"href":"https:\/\/www.ert.tn\/erd\/wp-json\/wp\/v2\/posts"}],"about":[{"href":"https:\/\/www.ert.tn\/erd\/wp-json\/wp\/v2\/types\/post"}],"author":[{"embeddable":true,"href":"https:\/\/www.ert.tn\/erd\/wp-json\/wp\/v2\/users\/1"}],"replies":[{"embeddable":true,"href":"https:\/\/www.ert.tn\/erd\/wp-json\/wp\/v2\/comments?post=6492"}],"version-history":[{"count":1,"href":"https:\/\/www.ert.tn\/erd\/wp-json\/wp\/v2\/posts\/6492\/revisions"}],"predecessor-version":[{"id":6498,"href":"https:\/\/www.ert.tn\/erd\/wp-json\/wp\/v2\/posts\/6492\/revisions\/6498"}],"wp:attachment":[{"href":"https:\/\/www.ert.tn\/erd\/wp-json\/wp\/v2\/media?parent=6492"}],"wp:term":[{"taxonomy":"category","embeddable":true,"href":"https:\/\/www.ert.tn\/erd\/wp-json\/wp\/v2\/categories?post=6492"},{"taxonomy":"post_tag","embeddable":true,"href":"https:\/\/www.ert.tn\/erd\/wp-json\/wp\/v2\/tags?post=6492"}],"curies":[{"name":"wp","href":"https:\/\/api.w.org\/{rel}","templated":true}]}}