{"id":6761,"date":"2023-12-21T09:00:58","date_gmt":"2023-12-21T08:00:58","guid":{"rendered":"https:\/\/www.ert.tn\/erd\/?p=6761"},"modified":"2023-12-21T09:01:00","modified_gmt":"2023-12-21T08:01:00","slug":"spectacle-de-marionnettes-en-ce1","status":"publish","type":"post","link":"https:\/\/www.ert.tn\/erd\/2023\/12\/21\/spectacle-de-marionnettes-en-ce1\/","title":{"rendered":"Spectacle de marionnettes en CE1"},"content":{"rendered":"\n<p>Retour sur cette belle s\u00e9ance de LV arabe au cours de laquelle deux classes de CE1 ont assist\u00e9 et particip\u00e9 au spectacle de marionnettes en th\u00e9\u00e2tre d\u2019ombres . Merci \u00e0 Mohamed pour cette mise en sc\u00e8ne de deux classiques de la litt\u00e9rature ! \u00ab La cigale et la fourmi \u00bb et \u00ab le corbeau et le renard \u00bb<\/p>\n\n\n\n<figure class=\"wp-block-image size-large\"><img loading=\"lazy\" decoding=\"async\" width=\"1024\" height=\"768\" src=\"https:\/\/www.ert.tn\/erd\/wp-content\/uploads\/2023\/12\/photo1-1024x768.jpg\" alt=\"\" class=\"wp-image-6762\" srcset=\"https:\/\/www.ert.tn\/erd\/wp-content\/uploads\/2023\/12\/photo1-1024x768.jpg 1024w, https:\/\/www.ert.tn\/erd\/wp-content\/uploads\/2023\/12\/photo1-300x225.jpg 300w, https:\/\/www.ert.tn\/erd\/wp-content\/uploads\/2023\/12\/photo1-768x576.jpg 768w, https:\/\/www.ert.tn\/erd\/wp-content\/uploads\/2023\/12\/photo1-1536x1152.jpg 1536w, https:\/\/www.ert.tn\/erd\/wp-content\/uploads\/2023\/12\/photo1.jpg 2048w\" sizes=\"auto, (max-width: 1024px) 100vw, 1024px\" \/><\/figure>\n\n\n\n<figure class=\"wp-block-image size-large\"><img loading=\"lazy\" decoding=\"async\" width=\"768\" height=\"1024\" src=\"https:\/\/www.ert.tn\/erd\/wp-content\/uploads\/2023\/12\/photo2-768x1024.jpg\" alt=\"\" class=\"wp-image-6763\" srcset=\"https:\/\/www.ert.tn\/erd\/wp-content\/uploads\/2023\/12\/photo2-768x1024.jpg 768w, https:\/\/www.ert.tn\/erd\/wp-content\/uploads\/2023\/12\/photo2-225x300.jpg 225w, https:\/\/www.ert.tn\/erd\/wp-content\/uploads\/2023\/12\/photo2-1152x1536.jpg 1152w, https:\/\/www.ert.tn\/erd\/wp-content\/uploads\/2023\/12\/photo2.jpg 1301w\" sizes=\"auto, (max-width: 768px) 100vw, 768px\" \/><\/figure>\n\n\n\n<figure class=\"wp-block-image size-large\"><img loading=\"lazy\" decoding=\"async\" width=\"768\" height=\"1024\" src=\"https:\/\/www.ert.tn\/erd\/wp-content\/uploads\/2023\/12\/photo3-768x1024.jpg\" alt=\"\" class=\"wp-image-6764\" srcset=\"https:\/\/www.ert.tn\/erd\/wp-content\/uploads\/2023\/12\/photo3-768x1024.jpg 768w, https:\/\/www.ert.tn\/erd\/wp-content\/uploads\/2023\/12\/photo3-225x300.jpg 225w, https:\/\/www.ert.tn\/erd\/wp-content\/uploads\/2023\/12\/photo3-1152x1536.jpg 1152w, https:\/\/www.ert.tn\/erd\/wp-content\/uploads\/2023\/12\/photo3.jpg 1301w\" sizes=\"auto, (max-width: 768px) 100vw, 768px\" \/><\/figure>\n","protected":false},"excerpt":{"rendered":"<p>Retour sur cette belle s&eacute;ance de LV arabe au cours de laquelle deux classes de CE1 ont assist&eacute; et particip&eacute;<\/p>\n","protected":false},"author":1,"featured_media":0,"comment_status":"closed","ping_status":"closed","sticky":false,"template":"","format":"standard","meta":{"footnotes":""},"categories":[296,297,266],"tags":[],"class_list":["post-6761","post","type-post","status-publish","format-standard","hentry","category-arabe","category-classe-de-ce1","category-vie-des-classes"],"_links":{"self":[{"href":"https:\/\/www.ert.tn\/erd\/wp-json\/wp\/v2\/posts\/6761","targetHints":{"allow":["GET"]}}],"collection":[{"href":"https:\/\/www.ert.tn\/erd\/wp-json\/wp\/v2\/posts"}],"about":[{"href":"https:\/\/www.ert.tn\/erd\/wp-json\/wp\/v2\/types\/post"}],"author":[{"embeddable":true,"href":"https:\/\/www.ert.tn\/erd\/wp-json\/wp\/v2\/users\/1"}],"replies":[{"embeddable":true,"href":"https:\/\/www.ert.tn\/erd\/wp-json\/wp\/v2\/comments?post=6761"}],"version-history":[{"count":1,"href":"https:\/\/www.ert.tn\/erd\/wp-json\/wp\/v2\/posts\/6761\/revisions"}],"predecessor-version":[{"id":6765,"href":"https:\/\/www.ert.tn\/erd\/wp-json\/wp\/v2\/posts\/6761\/revisions\/6765"}],"wp:attachment":[{"href":"https:\/\/www.ert.tn\/erd\/wp-json\/wp\/v2\/media?parent=6761"}],"wp:term":[{"taxonomy":"category","embeddable":true,"href":"https:\/\/www.ert.tn\/erd\/wp-json\/wp\/v2\/categories?post=6761"},{"taxonomy":"post_tag","embeddable":true,"href":"https:\/\/www.ert.tn\/erd\/wp-json\/wp\/v2\/tags?post=6761"}],"curies":[{"name":"wp","href":"https:\/\/api.w.org\/{rel}","templated":true}]}}