{"id":7089,"date":"2024-12-05T08:54:51","date_gmt":"2024-12-05T07:54:51","guid":{"rendered":"https:\/\/www.ert.tn\/erd\/?p=7089"},"modified":"2024-12-05T08:54:53","modified_gmt":"2024-12-05T07:54:53","slug":"la-francophonie-concours-les-mots-en-photos","status":"publish","type":"post","link":"https:\/\/www.ert.tn\/erd\/2024\/12\/05\/la-francophonie-concours-les-mots-en-photos\/","title":{"rendered":"La Francophonie : Concours \u00ab Les mots en photos \u00bb"},"content":{"rendered":"\n<p>Le lyc\u00e9e PMF a lanc\u00e9 un concours artistique &amp; culturel, ouvert \u00e0 tous (primaire-coll\u00e8ge-lyc\u00e9e-\u00e9l\u00e8ves-personnels), avec l\u2019aide de l\u2019artiste photographe tunisien, <strong>Ka\u00efs Ben Farhat<\/strong> <strong><em>(<a rel=\"noreferrer noopener\" href=\"https:\/\/kaisbenfarhat.com\/\" target=\"_blank\">https:\/\/kaisbenfarhat.com<\/a>)<\/em><\/strong>.<\/p>\n\n\n\n<p>Le portfolio ci-dessous vous permettra de d\u00e9couvrir quelques cr\u00e9ations de l\u2019artiste en appui aux proverbes de la langue fran\u00e7aise et de comprendre l\u2019esprit du concours.\u00a0<\/p>\n\n\n\n<p><a rel=\"noreferrer noopener\" href=\"https:\/\/www.ert.tn\/pmf\/wp-content\/uploads\/2024\/09\/Portfolio-CONCOURS-FRANCOPHONIE.pdf\" target=\"_blank\">Portfolio-CONCOURS-FRANCOPHONIE<\/a><\/p>\n\n\n\n<p>V\u00e9ritables \u201cfaits de langue\u201d, <strong>les proverbes<\/strong> jalonnent l\u2019histoire de la langue fran\u00e7aise depuis plusieurs si\u00e8cles tout en permettant \u00e0 la culture fran\u00e7aise de se r\u00e9v\u00e9ler, entre autres, \u00e0 travers ces formes de citations anonymes, \u00a0devenues les reflets de l\u2019esprit, de la philosophie et des valeurs fran\u00e7aises. Tr\u00e9sors de savoir, de morale et de bon sens, <strong>les proverbes offrent un aper\u00e7u unique de l\u2019art de vivre \u00e0 la fran\u00e7aise<\/strong>, m\u00ealant humour, sagesse et ironie.<br>En s\u2019emparant des<strong> 15 proverbes les plus utilis\u00e9s de la langue fran\u00e7aise <\/strong>et les plus proches de nos \u00e9l\u00e8ves, nous nous int\u00e9resserons \u00e0 leur mise en valeur photographique autour d\u2019un concours artistique et culturel : <strong>les mots en photos.<\/strong><\/p>\n\n\n\n<p>L\u2019ERT a invit\u00e9 tous les \u00e9l\u00e8ves et adultes de l\u2019\u00e9tablissement PMF Tunis et les 2 \u00e9coles Desnos et G. Brassens, \u00e0 \u00eatre sensibles et \u00e0 jouer avec la langue fran\u00e7aise, \u00e0 traduire par une pratique cr\u00e9ative et innovante leur compr\u00e9hension des proverbes de notre langue et \u00e0 se confronter \u00e0 la d\u00e9marche artistique de<strong> la photographie en noir et blanc<\/strong> pour donner vie aux proverbes.<\/p>\n","protected":false},"excerpt":{"rendered":"<p>Le lyc&eacute;e PMF a lanc&eacute; un concours artistique &amp; culturel, ouvert &agrave; tous (primaire-coll&egrave;ge-lyc&eacute;e-&eacute;l&egrave;ves-personnels), avec l&rsquo;aide de l&rsquo;artiste photographe tunisien,<\/p>\n","protected":false},"author":1,"featured_media":7090,"comment_status":"closed","ping_status":"closed","sticky":false,"template":"","format":"standard","meta":{"footnotes":""},"categories":[321,232],"tags":[],"class_list":["post-7089","post","type-post","status-publish","format-standard","has-post-thumbnail","hentry","category-actualites","category-evenements"],"_links":{"self":[{"href":"https:\/\/www.ert.tn\/erd\/wp-json\/wp\/v2\/posts\/7089","targetHints":{"allow":["GET"]}}],"collection":[{"href":"https:\/\/www.ert.tn\/erd\/wp-json\/wp\/v2\/posts"}],"about":[{"href":"https:\/\/www.ert.tn\/erd\/wp-json\/wp\/v2\/types\/post"}],"author":[{"embeddable":true,"href":"https:\/\/www.ert.tn\/erd\/wp-json\/wp\/v2\/users\/1"}],"replies":[{"embeddable":true,"href":"https:\/\/www.ert.tn\/erd\/wp-json\/wp\/v2\/comments?post=7089"}],"version-history":[{"count":1,"href":"https:\/\/www.ert.tn\/erd\/wp-json\/wp\/v2\/posts\/7089\/revisions"}],"predecessor-version":[{"id":7091,"href":"https:\/\/www.ert.tn\/erd\/wp-json\/wp\/v2\/posts\/7089\/revisions\/7091"}],"wp:featuredmedia":[{"embeddable":true,"href":"https:\/\/www.ert.tn\/erd\/wp-json\/wp\/v2\/media\/7090"}],"wp:attachment":[{"href":"https:\/\/www.ert.tn\/erd\/wp-json\/wp\/v2\/media?parent=7089"}],"wp:term":[{"taxonomy":"category","embeddable":true,"href":"https:\/\/www.ert.tn\/erd\/wp-json\/wp\/v2\/categories?post=7089"},{"taxonomy":"post_tag","embeddable":true,"href":"https:\/\/www.ert.tn\/erd\/wp-json\/wp\/v2\/tags?post=7089"}],"curies":[{"name":"wp","href":"https:\/\/api.w.org\/{rel}","templated":true}]}}