{"id":7140,"date":"2025-01-09T11:33:49","date_gmt":"2025-01-09T10:33:49","guid":{"rendered":"https:\/\/www.ert.tn\/erd\/?p=7140"},"modified":"2025-01-09T11:33:51","modified_gmt":"2025-01-09T10:33:51","slug":"7140","status":"publish","type":"post","link":"https:\/\/www.ert.tn\/erd\/2025\/01\/09\/7140\/","title":{"rendered":""},"content":{"rendered":"\n<p>PORTES OUVERTES<\/p>\n\n\n\n<p>A noter dans les agendas : le vendredi 17 janvier, l&rsquo;\u00e9cole Robert Desnos organise ses deuxi\u00e8mes portes ouvertes de l&rsquo;ann\u00e9e \u00e0 partir de 14h20.<\/p>\n\n\n\n<p>Cet \u00e9v\u00e9nement permettra aux nouvelles familles de d\u00e9couvrir : <\/p>\n\n\n\n<p>Les espaces et le mat\u00e9riel p\u00e9dagogique,<\/p>\n\n\n\n<p>D\u2019assister \u00e0 des cours d&rsquo;EPS, de langue ou de classe,  <\/p>\n\n\n\n<p>De d\u00e9couvrir les nombreux projets, <\/p>\n\n\n\n<p>De rencontrer et d&rsquo;\u00e9changer avec les directrices.<\/p>\n\n\n\n<div class=\"wp-block-group\"><div class=\"wp-block-group__inner-container is-layout-flow wp-block-group-is-layout-flow\">\n<figure class=\"wp-block-image size-large\"><img loading=\"lazy\" decoding=\"async\" width=\"1024\" height=\"683\" src=\"https:\/\/www.ert.tn\/erd\/wp-content\/uploads\/2025\/01\/Robert-Desnos-1024x683.png\" alt=\"\" class=\"wp-image-7144\" srcset=\"https:\/\/www.ert.tn\/erd\/wp-content\/uploads\/2025\/01\/Robert-Desnos-1024x683.png 1024w, https:\/\/www.ert.tn\/erd\/wp-content\/uploads\/2025\/01\/Robert-Desnos-300x200.png 300w, https:\/\/www.ert.tn\/erd\/wp-content\/uploads\/2025\/01\/Robert-Desnos-768x512.png 768w, https:\/\/www.ert.tn\/erd\/wp-content\/uploads\/2025\/01\/Robert-Desnos-1536x1024.png 1536w, https:\/\/www.ert.tn\/erd\/wp-content\/uploads\/2025\/01\/Robert-Desnos-272x182.png 272w, https:\/\/www.ert.tn\/erd\/wp-content\/uploads\/2025\/01\/Robert-Desnos.png 1800w\" sizes=\"auto, (max-width: 1024px) 100vw, 1024px\" \/><\/figure>\n\n\n\n<div class=\"wp-block-responsive-lightbox-gallery\"><\/div>\n<\/div><\/div>\n\n\n\n<p><\/p>\n\n\n\n<p><\/p>\n\n\n\n<p><\/p>\n","protected":false},"excerpt":{"rendered":"<p>PORTES OUVERTES A noter dans les agendas : le vendredi 17 janvier, l&rsquo;&eacute;cole Robert Desnos organise ses deuxi&egrave;mes portes ouvertes<\/p>\n","protected":false},"author":10,"featured_media":0,"comment_status":"closed","ping_status":"closed","sticky":false,"template":"","format":"standard","meta":{"footnotes":""},"categories":[1],"tags":[],"class_list":["post-7140","post","type-post","status-publish","format-standard","hentry","category-non-classe"],"_links":{"self":[{"href":"https:\/\/www.ert.tn\/erd\/wp-json\/wp\/v2\/posts\/7140","targetHints":{"allow":["GET"]}}],"collection":[{"href":"https:\/\/www.ert.tn\/erd\/wp-json\/wp\/v2\/posts"}],"about":[{"href":"https:\/\/www.ert.tn\/erd\/wp-json\/wp\/v2\/types\/post"}],"author":[{"embeddable":true,"href":"https:\/\/www.ert.tn\/erd\/wp-json\/wp\/v2\/users\/10"}],"replies":[{"embeddable":true,"href":"https:\/\/www.ert.tn\/erd\/wp-json\/wp\/v2\/comments?post=7140"}],"version-history":[{"count":1,"href":"https:\/\/www.ert.tn\/erd\/wp-json\/wp\/v2\/posts\/7140\/revisions"}],"predecessor-version":[{"id":7145,"href":"https:\/\/www.ert.tn\/erd\/wp-json\/wp\/v2\/posts\/7140\/revisions\/7145"}],"wp:attachment":[{"href":"https:\/\/www.ert.tn\/erd\/wp-json\/wp\/v2\/media?parent=7140"}],"wp:term":[{"taxonomy":"category","embeddable":true,"href":"https:\/\/www.ert.tn\/erd\/wp-json\/wp\/v2\/categories?post=7140"},{"taxonomy":"post_tag","embeddable":true,"href":"https:\/\/www.ert.tn\/erd\/wp-json\/wp\/v2\/tags?post=7140"}],"curies":[{"name":"wp","href":"https:\/\/api.w.org\/{rel}","templated":true}]}}