{"id":7183,"date":"2025-01-10T11:13:02","date_gmt":"2025-01-10T10:13:02","guid":{"rendered":"https:\/\/www.ert.tn\/erd\/?p=7183"},"modified":"2025-01-10T11:13:03","modified_gmt":"2025-01-10T10:13:03","slug":"phare","status":"publish","type":"post","link":"https:\/\/www.ert.tn\/erd\/2025\/01\/10\/phare\/","title":{"rendered":"pHARe &#8230;"},"content":{"rendered":"\n<p>L\u2019\u00e9tablissement r\u00e9gional de Tunis depuis l\u2019ann\u00e9e derni\u00e8re d\u00e9ploie le programme de lutte contre le harc\u00e8lement scolaire \u00ab pHARe \u00bb.<br>La pr\u00e9vention et la prise en charge des situations de harc\u00e8lement scolaire entre \u00e9l\u00e8ves est une priorit\u00e9 majeure du Minist\u00e8re de l\u2019\u00c9ducation nationale fran\u00e7aise, de l\u2019Agence pour l\u2019Enseignement Fran\u00e7ais \u00e0 l\u2019\u00c9tranger et bien s\u00fbr de l\u2019ERT.<br>Ce programme pHARe concerne l\u2019ensemble de la communaut\u00e9 \u00e9ducative tant au niveau de la pr\u00e9vention que du rep\u00e9rage des situations de harc\u00e8lement scolaire et de la prise en charge de celles-ci.&nbsp;<\/p>\n\n\n\n<p>Vous trouverez dans les ressources:<\/p>\n\n\n\n<p>\u2219 Le protocole de traitement des situations<\/p>\n\n\n\n<p>\u2219 La pr\u00e9sentation des \u00e9quipes ressources (Desnos et PMF)\u00a0 qui seront amen\u00e9es \u00e0 g\u00e9rer les situations de harc\u00e8lement.<\/p>\n\n\n\n<p><strong>Pour garantir au programme pHARe la plus grande r\u00e9ussite possible, il est important que chacun associe le mot harc\u00e8lement \u00e0 sa v\u00e9ritable d\u00e9finition.<\/strong><\/p>\n\n\n\n<p>Une situation de harc\u00e8lement :<\/p>\n\n\n\n<p><img loading=\"lazy\" decoding=\"async\" width=\"605\" height=\"263\" src=\"https:\/\/lh7-rt.googleusercontent.com\/docsz\/AD_4nXfItZSQPh8cxnByLfDmEq-yPwm66cC8wDrpsjzFl9CHY6CPo5VMuMCl49HGFFjtdSiyg84TENO6YAHqTbYkDw9dqKF2mokl5mrbWagGGMfK2oZ-Gw2Qg8macQy3wJ_RdA8uIuyF_M246Xczs1tp28I?key=gwK78prvaktIey6D45-lsktu\"><br>Pour rappel\u00a0 le programme pHARe ne se limite pas au traitement des situations mais propose un r\u00e9el plan d\u2019action de pr\u00e9vention et de sensibilisation \u00e0 travers ses \u00e9quipes<br>form\u00e9es :<br>\u00a0<br><strong>Les \u00e9quipes :<\/strong><\/p>\n\n\n\n<p>&#x27a1;&#xfe0f;Le pilote<\/p>\n\n\n\n<p>&#x27a1;&#xfe0f;\u00c9quipes ressources<\/p>\n\n\n\n<p>&#x27a1;&#xfe0f;\u00c9quipe de coordination<\/p>\n\n\n\n<p>&#x27a1;&#xfe0f;\u00c9quipe d\u2019\u00e9l\u00e8ves ambassadeurs<br>&nbsp;<br><strong>Les actions<\/strong>&nbsp;:<br>&#x27a1;&#xfe0f;&nbsp;Participation aux temps forts : Journ\u00e9e \u00ab\u00a0Non Au Harc\u00e8lement\u00a0\u00bb , Safer Internet Day.&nbsp;<\/p>\n\n\n\n<p>&#x27a1;&#xfe0f;Mise en place de 10 heures annuelles de sensibilisation en classe du CP au CM2<br>&#8212;&nbsp;<\/p>\n\n\n\n<p><\/p>\n","protected":false},"excerpt":{"rendered":"<p>L&rsquo;&eacute;tablissement r&eacute;gional de Tunis depuis l&rsquo;ann&eacute;e derni&egrave;re d&eacute;ploie le programme de lutte contre le harc&egrave;lement scolaire &laquo; pHARe &raquo;.La pr&eacute;vention<\/p>\n","protected":false},"author":9,"featured_media":0,"comment_status":"closed","ping_status":"closed","sticky":false,"template":"","format":"standard","meta":{"footnotes":""},"categories":[333,330],"tags":[],"class_list":["post-7183","post","type-post","status-publish","format-standard","hentry","category-informations","category-phare"],"_links":{"self":[{"href":"https:\/\/www.ert.tn\/erd\/wp-json\/wp\/v2\/posts\/7183","targetHints":{"allow":["GET"]}}],"collection":[{"href":"https:\/\/www.ert.tn\/erd\/wp-json\/wp\/v2\/posts"}],"about":[{"href":"https:\/\/www.ert.tn\/erd\/wp-json\/wp\/v2\/types\/post"}],"author":[{"embeddable":true,"href":"https:\/\/www.ert.tn\/erd\/wp-json\/wp\/v2\/users\/9"}],"replies":[{"embeddable":true,"href":"https:\/\/www.ert.tn\/erd\/wp-json\/wp\/v2\/comments?post=7183"}],"version-history":[{"count":1,"href":"https:\/\/www.ert.tn\/erd\/wp-json\/wp\/v2\/posts\/7183\/revisions"}],"predecessor-version":[{"id":7184,"href":"https:\/\/www.ert.tn\/erd\/wp-json\/wp\/v2\/posts\/7183\/revisions\/7184"}],"wp:attachment":[{"href":"https:\/\/www.ert.tn\/erd\/wp-json\/wp\/v2\/media?parent=7183"}],"wp:term":[{"taxonomy":"category","embeddable":true,"href":"https:\/\/www.ert.tn\/erd\/wp-json\/wp\/v2\/categories?post=7183"},{"taxonomy":"post_tag","embeddable":true,"href":"https:\/\/www.ert.tn\/erd\/wp-json\/wp\/v2\/tags?post=7183"}],"curies":[{"name":"wp","href":"https:\/\/api.w.org\/{rel}","templated":true}]}}