{"id":7248,"date":"2025-02-09T09:26:04","date_gmt":"2025-02-09T08:26:04","guid":{"rendered":"https:\/\/www.ert.tn\/erd\/?p=7248"},"modified":"2025-02-09T20:16:46","modified_gmt":"2025-02-09T19:16:46","slug":"la-galette-en-cm2-f","status":"publish","type":"post","link":"https:\/\/www.ert.tn\/erd\/2025\/02\/09\/la-galette-en-cm2-f\/","title":{"rendered":"La Galette en CM2 F"},"content":{"rendered":"\n<p>Les \u00e9l\u00e8ves de CM2 F ont \u00e9crit et r\u00e9alis\u00e9 la recette de la galette avant bien \u00e9videmment de la d\u00e9guster !<\/p>\n\n\n\n<p><\/p>\n\n\n\n<div class=\"wp-block-file\"><a href=\"https:\/\/www.ert.tn\/erd\/wp-content\/uploads\/2025\/02\/recette-de-la-galette.pdf\">recette-de-la-galette<\/a><a href=\"https:\/\/www.ert.tn\/erd\/wp-content\/uploads\/2025\/02\/recette-de-la-galette.pdf\" class=\"wp-block-file__button\" download>T\u00e9l\u00e9charger<\/a><\/div>\n\n\n\n<div class=\"wp-block-file\"><a href=\"https:\/\/www.ert.tn\/erd\/wp-content\/uploads\/2025\/02\/recette-GALETTE-avec-photos.docx\">recette-GALETTE-avec-photos<\/a><a href=\"https:\/\/www.ert.tn\/erd\/wp-content\/uploads\/2025\/02\/recette-GALETTE-avec-photos.docx\" class=\"wp-block-file__button\" download>T\u00e9l\u00e9charger<\/a><\/div>\n","protected":false},"excerpt":{"rendered":"<p>Les &eacute;l&egrave;ves de CM2 F ont &eacute;crit et r&eacute;alis&eacute; la recette de la galette avant bien &eacute;videmment de la d&eacute;guster<\/p>\n","protected":false},"author":10,"featured_media":0,"comment_status":"closed","ping_status":"closed","sticky":false,"template":"","format":"standard","meta":{"footnotes":""},"categories":[300,266],"tags":[],"class_list":["post-7248","post","type-post","status-publish","format-standard","hentry","category-classe-de-cm2","category-vie-des-classes"],"_links":{"self":[{"href":"https:\/\/www.ert.tn\/erd\/wp-json\/wp\/v2\/posts\/7248","targetHints":{"allow":["GET"]}}],"collection":[{"href":"https:\/\/www.ert.tn\/erd\/wp-json\/wp\/v2\/posts"}],"about":[{"href":"https:\/\/www.ert.tn\/erd\/wp-json\/wp\/v2\/types\/post"}],"author":[{"embeddable":true,"href":"https:\/\/www.ert.tn\/erd\/wp-json\/wp\/v2\/users\/10"}],"replies":[{"embeddable":true,"href":"https:\/\/www.ert.tn\/erd\/wp-json\/wp\/v2\/comments?post=7248"}],"version-history":[{"count":3,"href":"https:\/\/www.ert.tn\/erd\/wp-json\/wp\/v2\/posts\/7248\/revisions"}],"predecessor-version":[{"id":7254,"href":"https:\/\/www.ert.tn\/erd\/wp-json\/wp\/v2\/posts\/7248\/revisions\/7254"}],"wp:attachment":[{"href":"https:\/\/www.ert.tn\/erd\/wp-json\/wp\/v2\/media?parent=7248"}],"wp:term":[{"taxonomy":"category","embeddable":true,"href":"https:\/\/www.ert.tn\/erd\/wp-json\/wp\/v2\/categories?post=7248"},{"taxonomy":"post_tag","embeddable":true,"href":"https:\/\/www.ert.tn\/erd\/wp-json\/wp\/v2\/tags?post=7248"}],"curies":[{"name":"wp","href":"https:\/\/api.w.org\/{rel}","templated":true}]}}