{"id":7310,"date":"2025-03-30T12:38:32","date_gmt":"2025-03-30T10:38:32","guid":{"rendered":"https:\/\/www.ert.tn\/erd\/?p=7310"},"modified":"2025-03-30T12:38:33","modified_gmt":"2025-03-30T10:38:33","slug":"reprise-des-cours-mercredi-2-avril-2025","status":"publish","type":"post","link":"https:\/\/www.ert.tn\/erd\/2025\/03\/30\/reprise-des-cours-mercredi-2-avril-2025\/","title":{"rendered":"Reprise des cours mercredi 2 avril 2025"},"content":{"rendered":"\n<p>L&rsquo;A\u00efd \u00e9tant annonc\u00e9 au lundi 31 mars, la reprise des cours est d\u00e9cal\u00e9e au mercredi 2 avril.<\/p>\n\n\n\n<p>Vous souhaitant d&rsquo;excellentes f\u00eates,<\/p>\n\n\n\n<p>La Direction<\/p>\n","protected":false},"excerpt":{"rendered":"<p>L&rsquo;A&iuml;d &eacute;tant annonc&eacute; au lundi 31 mars, la reprise des cours est d&eacute;cal&eacute;e au mercredi 2 avril. Vous souhaitant d&rsquo;excellentes<\/p>\n","protected":false},"author":9,"featured_media":0,"comment_status":"closed","ping_status":"closed","sticky":false,"template":"","format":"standard","meta":{"footnotes":""},"categories":[321],"tags":[],"class_list":["post-7310","post","type-post","status-publish","format-standard","hentry","category-actualites"],"_links":{"self":[{"href":"https:\/\/www.ert.tn\/erd\/wp-json\/wp\/v2\/posts\/7310","targetHints":{"allow":["GET"]}}],"collection":[{"href":"https:\/\/www.ert.tn\/erd\/wp-json\/wp\/v2\/posts"}],"about":[{"href":"https:\/\/www.ert.tn\/erd\/wp-json\/wp\/v2\/types\/post"}],"author":[{"embeddable":true,"href":"https:\/\/www.ert.tn\/erd\/wp-json\/wp\/v2\/users\/9"}],"replies":[{"embeddable":true,"href":"https:\/\/www.ert.tn\/erd\/wp-json\/wp\/v2\/comments?post=7310"}],"version-history":[{"count":1,"href":"https:\/\/www.ert.tn\/erd\/wp-json\/wp\/v2\/posts\/7310\/revisions"}],"predecessor-version":[{"id":7311,"href":"https:\/\/www.ert.tn\/erd\/wp-json\/wp\/v2\/posts\/7310\/revisions\/7311"}],"wp:attachment":[{"href":"https:\/\/www.ert.tn\/erd\/wp-json\/wp\/v2\/media?parent=7310"}],"wp:term":[{"taxonomy":"category","embeddable":true,"href":"https:\/\/www.ert.tn\/erd\/wp-json\/wp\/v2\/categories?post=7310"},{"taxonomy":"post_tag","embeddable":true,"href":"https:\/\/www.ert.tn\/erd\/wp-json\/wp\/v2\/tags?post=7310"}],"curies":[{"name":"wp","href":"https:\/\/api.w.org\/{rel}","templated":true}]}}