{"id":10091,"date":"2019-12-20T07:37:33","date_gmt":"2019-12-20T06:37:33","guid":{"rendered":"https:\/\/www.ert.tn\/pmf\/?p=10091"},"modified":"2019-12-20T07:38:37","modified_gmt":"2019-12-20T06:38:37","slug":"rencontre-avec-le-calligraphe-omar-joumni","status":"publish","type":"post","link":"https:\/\/www.ert.tn\/pmf\/2019\/12\/20\/rencontre-avec-le-calligraphe-omar-joumni\/","title":{"rendered":"Rencontre avec le calligraphe Omar JOUMNI"},"content":{"rendered":"\n<p>Le calligraphe <strong>Omar JOUMNI<\/strong> est intervenu aupr\u00e8s des \u00e9l\u00e8ves de Terminale S3 et ES\/L, encadr\u00e9s par Mme LOULIDI,  dans le cadre de la Journ\u00e9e mondiale de la langue arabe.<\/p>\n\n\n\n<p>D\u00e9couvrez ci-apr\u00e8s l&rsquo;article r\u00e9dig\u00e9 par deux \u00e9l\u00e8ves qui r\u00e9capitule la rencontre:<\/p>\n\n\n\n<div class=\"wp-block-file\"><a href=\"https:\/\/www.ert.tn\/pmf\/wp-content\/uploads\/2019\/12\/RENCONTRE-AVEC-OMAR-JOMNI.pdf\" target=\"_blank\" rel=\"noreferrer noopener\">Rencontre avec M. JOMNI sur la calligraphie arabe<\/a><a href=\"https:\/\/www.ert.tn\/pmf\/wp-content\/uploads\/2019\/12\/RENCONTRE-AVEC-OMAR-JOMNI.pdf\" class=\"wp-block-file__button\" download>T\u00e9l\u00e9charger<\/a><\/div>\n\n\n\n<div class=\"wp-block-image\"><figure class=\"aligncenter is-resized\"><img loading=\"lazy\" decoding=\"async\" src=\"https:\/\/www.ert.tn\/pmf\/wp-content\/uploads\/2019\/12\/IMG_20191206_115033-COLLAGE-1024x1024.jpg\" alt=\"\" class=\"wp-image-10093\" width=\"512\" height=\"512\" srcset=\"https:\/\/www.ert.tn\/pmf\/wp-content\/uploads\/2019\/12\/IMG_20191206_115033-COLLAGE-1024x1024.jpg 1024w, https:\/\/www.ert.tn\/pmf\/wp-content\/uploads\/2019\/12\/IMG_20191206_115033-COLLAGE-150x150.jpg 150w, https:\/\/www.ert.tn\/pmf\/wp-content\/uploads\/2019\/12\/IMG_20191206_115033-COLLAGE-300x300.jpg 300w, https:\/\/www.ert.tn\/pmf\/wp-content\/uploads\/2019\/12\/IMG_20191206_115033-COLLAGE-768x768.jpg 768w, https:\/\/www.ert.tn\/pmf\/wp-content\/uploads\/2019\/12\/IMG_20191206_115033-COLLAGE.jpg 2047w\" sizes=\"auto, (max-width: 512px) 100vw, 512px\" \/><\/figure><\/div>\n","protected":false},"excerpt":{"rendered":"<p>Le calligraphe Omar JOUMNI est intervenu aupr&egrave;s des &eacute;l&egrave;ves de Terminale S3 et ES\/L, encadr&eacute;s par Mme LOULIDI, dans le<\/p>\n","protected":false},"author":2,"featured_media":10097,"comment_status":"closed","ping_status":"closed","sticky":false,"template":"","format":"standard","meta":{"_exactmetrics_skip_tracking":false,"_exactmetrics_sitenote_active":false,"_exactmetrics_sitenote_note":"","_exactmetrics_sitenote_category":0,"footnotes":""},"categories":[176],"tags":[],"class_list":["post-10091","post","type-post","status-publish","format-standard","has-post-thumbnail","hentry","category-arabe"],"_links":{"self":[{"href":"https:\/\/www.ert.tn\/pmf\/wp-json\/wp\/v2\/posts\/10091","targetHints":{"allow":["GET"]}}],"collection":[{"href":"https:\/\/www.ert.tn\/pmf\/wp-json\/wp\/v2\/posts"}],"about":[{"href":"https:\/\/www.ert.tn\/pmf\/wp-json\/wp\/v2\/types\/post"}],"author":[{"embeddable":true,"href":"https:\/\/www.ert.tn\/pmf\/wp-json\/wp\/v2\/users\/2"}],"replies":[{"embeddable":true,"href":"https:\/\/www.ert.tn\/pmf\/wp-json\/wp\/v2\/comments?post=10091"}],"version-history":[{"count":3,"href":"https:\/\/www.ert.tn\/pmf\/wp-json\/wp\/v2\/posts\/10091\/revisions"}],"predecessor-version":[{"id":10099,"href":"https:\/\/www.ert.tn\/pmf\/wp-json\/wp\/v2\/posts\/10091\/revisions\/10099"}],"wp:featuredmedia":[{"embeddable":true,"href":"https:\/\/www.ert.tn\/pmf\/wp-json\/wp\/v2\/media\/10097"}],"wp:attachment":[{"href":"https:\/\/www.ert.tn\/pmf\/wp-json\/wp\/v2\/media?parent=10091"}],"wp:term":[{"taxonomy":"category","embeddable":true,"href":"https:\/\/www.ert.tn\/pmf\/wp-json\/wp\/v2\/categories?post=10091"},{"taxonomy":"post_tag","embeddable":true,"href":"https:\/\/www.ert.tn\/pmf\/wp-json\/wp\/v2\/tags?post=10091"}],"curies":[{"name":"wp","href":"https:\/\/api.w.org\/{rel}","templated":true}]}}