{"id":10392,"date":"2020-02-11T10:30:55","date_gmt":"2020-02-11T09:30:55","guid":{"rendered":"https:\/\/www.ert.tn\/pmf\/?p=10392"},"modified":"2020-02-14T12:05:23","modified_gmt":"2020-02-14T11:05:23","slug":"cap-ecole-inclusive","status":"publish","type":"post","link":"https:\/\/www.ert.tn\/pmf\/2020\/02\/11\/cap-ecole-inclusive\/","title":{"rendered":"Cap \u00e9cole inclusive"},"content":{"rendered":"\n<p>Dans le cade de l\u2019<strong>Ecole inclusive<\/strong>, des enseignants ont \u00e9labor\u00e9 une plateforme permettant aux coll\u00e8gues d\u2019<strong>adapter leur pratiques p\u00e9dagogiques<\/strong>: Cap \u00e9cole inclusive a \u00e9labor\u00e9 des outils pour \u00e9valuer et s\u2019informer sur les besoins des \u00e9l\u00e8ves ayant un handicap ou un trouble des apprentissages.<\/p>\n\n\n\n<div style=\"text-align: center;\"><iframe loading=\"lazy\" width=\"560\" height=\"315\" src=\"https:\/\/www.youtube.com\/embed\/JEk2BfZqOGc\" frameborder=\"0\" allow=\"accelerometer; autoplay; encrypted-media; gyroscope; picture-in-picture\" allowfullscreen=\"\"><\/iframe><\/div>\n\n\n\n<p>Cette plateforme vous propose&nbsp;:<\/p>\n\n\n\n<ul class=\"wp-block-list\"><li><strong>Une plateforme \u00e9volutive de ressources p\u00e9dagogiques et d\u2019accompagnement<\/strong><ul><li>Une entr\u00e9e par l\u2019observation et les besoins des \u00e9l\u00e8ves (pas par les troubles).<\/li><li>Une grille d\u2019analyse des besoins des \u00e9l\u00e8ves.<\/li><li>Des fiches d\u2019adaptation en classe.<\/li><\/ul><\/li><li><strong>Des ressources audiovisuelles pour s\u2019informer et se former<\/strong><ul><li>Des films d\u2019animation sur les troubles.<\/li><li>Des interviews d\u2019experts en podcast.<\/li><li>Des tables rondes d\u2019experts et d\u2019enseignants en podcast.<\/li><\/ul><\/li><\/ul>\n\n\n\n<p>Cette approche&nbsp;<strong>par les besoins des \u00e9l\u00e8ves<\/strong>&nbsp;et non par les troubles, peut concerner tout \u00e9l\u00e8ve et pas uniquement les EBEP&nbsp;.<\/p>\n\n\n\n<p>Nous vous invitons \u00e0 consulter la rubrique <strong>EBEP \/ Cap Ecole inclusive<\/strong> dans l\u2019onglet <strong>P\u00e9dagogie<\/strong> afin d&rsquo;avoir des pr\u00e9cisions sur les <strong>modalit\u00e9s d&rsquo;acc\u00e8s<\/strong> \u00e0 la plateforme.<\/p>\n","protected":false},"excerpt":{"rendered":"<p>Dans le cade de l&rsquo;Ecole inclusive, des enseignants ont &eacute;labor&eacute; une plateforme permettant aux coll&egrave;gues d&rsquo;adapter leur pratiques p&eacute;dagogiques: Cap<\/p>\n","protected":false},"author":2,"featured_media":10464,"comment_status":"closed","ping_status":"closed","sticky":false,"template":"","format":"standard","meta":{"_exactmetrics_skip_tracking":false,"_exactmetrics_sitenote_active":false,"_exactmetrics_sitenote_note":"","_exactmetrics_sitenote_category":0,"footnotes":""},"categories":[195,253],"tags":[],"class_list":["post-10392","post","type-post","status-publish","format-standard","has-post-thumbnail","hentry","category-actualites-de-pmf","category-cap-ecole-inclusive"],"_links":{"self":[{"href":"https:\/\/www.ert.tn\/pmf\/wp-json\/wp\/v2\/posts\/10392","targetHints":{"allow":["GET"]}}],"collection":[{"href":"https:\/\/www.ert.tn\/pmf\/wp-json\/wp\/v2\/posts"}],"about":[{"href":"https:\/\/www.ert.tn\/pmf\/wp-json\/wp\/v2\/types\/post"}],"author":[{"embeddable":true,"href":"https:\/\/www.ert.tn\/pmf\/wp-json\/wp\/v2\/users\/2"}],"replies":[{"embeddable":true,"href":"https:\/\/www.ert.tn\/pmf\/wp-json\/wp\/v2\/comments?post=10392"}],"version-history":[{"count":8,"href":"https:\/\/www.ert.tn\/pmf\/wp-json\/wp\/v2\/posts\/10392\/revisions"}],"predecessor-version":[{"id":10466,"href":"https:\/\/www.ert.tn\/pmf\/wp-json\/wp\/v2\/posts\/10392\/revisions\/10466"}],"wp:featuredmedia":[{"embeddable":true,"href":"https:\/\/www.ert.tn\/pmf\/wp-json\/wp\/v2\/media\/10464"}],"wp:attachment":[{"href":"https:\/\/www.ert.tn\/pmf\/wp-json\/wp\/v2\/media?parent=10392"}],"wp:term":[{"taxonomy":"category","embeddable":true,"href":"https:\/\/www.ert.tn\/pmf\/wp-json\/wp\/v2\/categories?post=10392"},{"taxonomy":"post_tag","embeddable":true,"href":"https:\/\/www.ert.tn\/pmf\/wp-json\/wp\/v2\/tags?post=10392"}],"curies":[{"name":"wp","href":"https:\/\/api.w.org\/{rel}","templated":true}]}}