{"id":11285,"date":"2021-05-20T11:44:14","date_gmt":"2021-05-20T09:44:14","guid":{"rendered":"http:\/\/www.ert.tn\/pmf\/?p=11285"},"modified":"2021-05-20T11:44:16","modified_gmt":"2021-05-20T09:44:16","slug":"exposition-des-terminales-options-arts-plastiques-au-cdi","status":"publish","type":"post","link":"https:\/\/www.ert.tn\/pmf\/2021\/05\/20\/exposition-des-terminales-options-arts-plastiques-au-cdi\/","title":{"rendered":"Exposition des Terminales Options Arts Plastiques au CDI"},"content":{"rendered":"\n<p>Retrouvez les photos de l&rsquo;exposition <em>De l&rsquo;espace pictural \u00e0 l&rsquo;espace architectural<\/em> \u00e9labor\u00e9e par les \u00e9l\u00e8ves de Terminales Option Arts Plastiques, encadr\u00e9s par Mme Baccouche : <a rel=\"noreferrer noopener\" aria-label=\"https:\/\/photos.app.goo.gl\/s8Gn9iQ7M1xXRAM9A (s\u2019ouvre dans un nouvel onglet)\" href=\"https:\/\/photos.app.goo.gl\/s8Gn9iQ7M1xXRAM9A\" target=\"_blank\">https:\/\/photos.app.goo.gl\/s8Gn9iQ7M1xXRAM9A<\/a><\/p>\n\n\n\n<p><\/p>\n","protected":false},"excerpt":{"rendered":"<p>Retrouvez les photos de l&rsquo;exposition De l&rsquo;espace pictural &agrave; l&rsquo;espace architectural &eacute;labor&eacute;e par les &eacute;l&egrave;ves de Terminales Option Arts Plastiques,<\/p>\n","protected":false},"author":2,"featured_media":11286,"comment_status":"closed","ping_status":"closed","sticky":false,"template":"","format":"standard","meta":{"_exactmetrics_skip_tracking":false,"_exactmetrics_sitenote_active":false,"_exactmetrics_sitenote_note":"","_exactmetrics_sitenote_category":0,"footnotes":""},"categories":[177,165],"tags":[],"class_list":["post-11285","post","type-post","status-publish","format-standard","has-post-thumbnail","hentry","category-arts-plastiques","category-cdi"],"_links":{"self":[{"href":"https:\/\/www.ert.tn\/pmf\/wp-json\/wp\/v2\/posts\/11285","targetHints":{"allow":["GET"]}}],"collection":[{"href":"https:\/\/www.ert.tn\/pmf\/wp-json\/wp\/v2\/posts"}],"about":[{"href":"https:\/\/www.ert.tn\/pmf\/wp-json\/wp\/v2\/types\/post"}],"author":[{"embeddable":true,"href":"https:\/\/www.ert.tn\/pmf\/wp-json\/wp\/v2\/users\/2"}],"replies":[{"embeddable":true,"href":"https:\/\/www.ert.tn\/pmf\/wp-json\/wp\/v2\/comments?post=11285"}],"version-history":[{"count":1,"href":"https:\/\/www.ert.tn\/pmf\/wp-json\/wp\/v2\/posts\/11285\/revisions"}],"predecessor-version":[{"id":11287,"href":"https:\/\/www.ert.tn\/pmf\/wp-json\/wp\/v2\/posts\/11285\/revisions\/11287"}],"wp:featuredmedia":[{"embeddable":true,"href":"https:\/\/www.ert.tn\/pmf\/wp-json\/wp\/v2\/media\/11286"}],"wp:attachment":[{"href":"https:\/\/www.ert.tn\/pmf\/wp-json\/wp\/v2\/media?parent=11285"}],"wp:term":[{"taxonomy":"category","embeddable":true,"href":"https:\/\/www.ert.tn\/pmf\/wp-json\/wp\/v2\/categories?post=11285"},{"taxonomy":"post_tag","embeddable":true,"href":"https:\/\/www.ert.tn\/pmf\/wp-json\/wp\/v2\/tags?post=11285"}],"curies":[{"name":"wp","href":"https:\/\/api.w.org\/{rel}","templated":true}]}}