{"id":11313,"date":"2021-05-26T11:22:32","date_gmt":"2021-05-26T09:22:32","guid":{"rendered":"http:\/\/www.ert.tn\/pmf\/?p=11313"},"modified":"2021-05-26T11:22:34","modified_gmt":"2021-05-26T09:22:34","slug":"reprise-en-presentiel-integral-jeudi-27-mai-08h00","status":"publish","type":"post","link":"https:\/\/www.ert.tn\/pmf\/2021\/05\/26\/reprise-en-presentiel-integral-jeudi-27-mai-08h00\/","title":{"rendered":"Reprise en pr\u00e9sentiel int\u00e9gral Jeudi 27 Mai 08h00"},"content":{"rendered":"\n<p><em>Mesdames, Messieurs les Parents d&rsquo;\u00c9l\u00e8ves du Coll\u00e8ge et Lyc\u00e9e PMF,<\/em><\/p>\n\n\n\n<p>Sur la base des indicateurs dont nous disposons, apr\u00e8s cette p\u00e9riode de 10 jours d&rsquo;observation, p\u00e9riode correspondant \u00e0 la dur\u00e9e d&rsquo;un isolement d&rsquo;un cas COVID \u00e9l\u00e8ve, je vous informe que nous reprendrons l&rsquo;enseignement en\u00a0<strong>pr\u00e9sentiel int\u00e9gral, d\u00e8s demain matin Jeudi 27 Mai 08h00<\/strong>.<\/p>\n\n\n\n<p>Les indicateurs dont nous disposons concernant la situation sanitaire au sein de notre communaut\u00e9 nous permettent de prendre cette\u00a0d\u00e9cision en conscience, et avec l&rsquo;assurance de proposer les meilleures conditions de s\u00e9curit\u00e9 dans le contexte que nous vivons.<\/p>\n\n\n\n<p>Bien s\u00fbr, je vous demanderai d&rsquo;\u00eatre extr\u00eamement vigilants sur l&rsquo;application des protocoles sanitaires et notamment de ne prendre aucun risque si votre enfant pr\u00e9sente des sympt\u00f4mes, pour le bien de tous et pour nous permettre de rester en pr\u00e9sentiel le plus longtemps possible.<\/p>\n\n\n\n<p><br>Comptant sur votre\u00a0compr\u00e9hension.<br>Bien \u00e0 vous, <br><em>Le Proviseur <\/em><\/p>\n","protected":false},"excerpt":{"rendered":"<p>Mesdames, Messieurs les Parents d&rsquo;&Eacute;l&egrave;ves du Coll&egrave;ge et Lyc&eacute;e PMF, Sur la base des indicateurs dont nous disposons, apr&egrave;s cette<\/p>\n","protected":false},"author":2,"featured_media":11314,"comment_status":"closed","ping_status":"closed","sticky":false,"template":"","format":"standard","meta":{"_exactmetrics_skip_tracking":false,"_exactmetrics_sitenote_active":false,"_exactmetrics_sitenote_note":"","_exactmetrics_sitenote_category":0,"footnotes":""},"categories":[195],"tags":[],"class_list":["post-11313","post","type-post","status-publish","format-standard","has-post-thumbnail","hentry","category-actualites-de-pmf"],"_links":{"self":[{"href":"https:\/\/www.ert.tn\/pmf\/wp-json\/wp\/v2\/posts\/11313","targetHints":{"allow":["GET"]}}],"collection":[{"href":"https:\/\/www.ert.tn\/pmf\/wp-json\/wp\/v2\/posts"}],"about":[{"href":"https:\/\/www.ert.tn\/pmf\/wp-json\/wp\/v2\/types\/post"}],"author":[{"embeddable":true,"href":"https:\/\/www.ert.tn\/pmf\/wp-json\/wp\/v2\/users\/2"}],"replies":[{"embeddable":true,"href":"https:\/\/www.ert.tn\/pmf\/wp-json\/wp\/v2\/comments?post=11313"}],"version-history":[{"count":1,"href":"https:\/\/www.ert.tn\/pmf\/wp-json\/wp\/v2\/posts\/11313\/revisions"}],"predecessor-version":[{"id":11315,"href":"https:\/\/www.ert.tn\/pmf\/wp-json\/wp\/v2\/posts\/11313\/revisions\/11315"}],"wp:featuredmedia":[{"embeddable":true,"href":"https:\/\/www.ert.tn\/pmf\/wp-json\/wp\/v2\/media\/11314"}],"wp:attachment":[{"href":"https:\/\/www.ert.tn\/pmf\/wp-json\/wp\/v2\/media?parent=11313"}],"wp:term":[{"taxonomy":"category","embeddable":true,"href":"https:\/\/www.ert.tn\/pmf\/wp-json\/wp\/v2\/categories?post=11313"},{"taxonomy":"post_tag","embeddable":true,"href":"https:\/\/www.ert.tn\/pmf\/wp-json\/wp\/v2\/tags?post=11313"}],"curies":[{"name":"wp","href":"https:\/\/api.w.org\/{rel}","templated":true}]}}