{"id":11733,"date":"2021-10-11T10:43:47","date_gmt":"2021-10-11T08:43:47","guid":{"rendered":"http:\/\/www.ert.tn\/pmf\/?p=11733"},"modified":"2021-10-11T10:43:48","modified_gmt":"2021-10-11T08:43:48","slug":"seminaire-de-rentree-zone-aefe-maghreb-est","status":"publish","type":"post","link":"https:\/\/www.ert.tn\/pmf\/2021\/10\/11\/seminaire-de-rentree-zone-aefe-maghreb-est\/","title":{"rendered":"S\u00e9minaire de rentr\u00e9e zone AEFE Maghreb-Est"},"content":{"rendered":"\n<p>Le lyc\u00e9e Pierre Mend\u00e8s France de Tunis, \u00e9tablissement mutualisateur de la zone et dirig\u00e9 par M. Bousquet, s\u2019est vu confier la mission d\u2019organiser et d\u2019accueillir pendant deux jours <strong>(05 et 06 octobre 2021<\/strong>) le <strong>s\u00e9minaire de rentr\u00e9e des personnels de direction des \u00e9tablissements et des directeurs d\u2019\u00e9cole\u00a0de la zone Maghreb-Est<\/strong>.<\/p>\n\n\n\n<p>Ce regroupement a \u00e9t\u00e9 l\u2019occasion de recevoir, \u00e0 l\u2019h\u00f4tel Dar El Marsa, <strong>M. Jean-Paul N\u00e9grel, directeur adjoint de l\u2019AEFE, \u00a0la cheffe de secteur, Mme Chantal Bousquet, et Mme Fat\u00e9ma Mezyane, IA-IPR r\u00e9f\u00e9rente de la zone<\/strong>. L\u2019ouverture du s\u00e9minaire, effectu\u00e9e par <strong>M. Tardy-Joubert, COCAC et Directeur de l\u2019Institut fran\u00e7ais de Tunisie<\/strong>, et M. N\u00e9grel, fut l\u2019occasion de rappeler les nouvelles directives et les axes de fonctionnement et d\u2019\u00e9volution du r\u00e9seau AEFE.<\/p>\n\n\n\n<p><strong>M. Maillard, Coordonnateur pays AEFE<\/strong>, et Mme Bousquet ont ensuite pr\u00e9sent\u00e9 les enjeux du r\u00e9seau. Plusieurs ateliers et temps de parole ont succ\u00e9d\u00e9 autour des th\u00e9matiques suivantes\u00a0: <strong>priorit\u00e9s p\u00e9dagogiques, la plateforme ORION, le projet de zone, AGORA, l\u2019\u00e9galit\u00e9 professionnelle<\/strong> \u2026<\/p>\n\n\n\n<p>La premi\u00e8re journ\u00e9e du s\u00e9minaire s\u2019est termin\u00e9e par une r\u00e9ception \u00e0 la R\u00e9sidence de France donn\u00e9e par <strong>S.E.M. l\u2019Ambassadeur de France en Tunisie, M. Andr\u00e9 Parant<\/strong>.<\/p>\n\n\n\n<p>Cet \u00e9v\u00e9nement professionnel intense et de qualit\u00e9 <strong>aura permis aux 55 participants de b\u00e9n\u00e9ficier de toutes les informations n\u00e9cessaires pour d\u00e9marrer de mani\u00e8re constructive l\u2019ann\u00e9e scolaire 2021\/2022<\/strong>. Il est l&rsquo;<strong>exemple d&rsquo;une structuration de la gouvernance professionnelle et p\u00e9dagogique des \u00e9tablissements homologu\u00e9s du r\u00e9seau<\/strong>, int\u00e9grant un partage sans concession des valeurs, des axes prioritaires et des objectifs de l&rsquo;Agence pour l&rsquo;Enseignement Fran\u00e7ais \u00e0 l&rsquo;Etranger.<\/p>\n\n\n\n<p><em>Les photos du S\u00e9minaire:<\/em> <a rel=\"noreferrer noopener\" aria-label=\"https:\/\/photos.app.goo.gl\/UJFiicxym7wnZc5t6 (s\u2019ouvre dans un nouvel onglet)\" href=\"https:\/\/photos.app.goo.gl\/UJFiicxym7wnZc5t6\" target=\"_blank\">https:\/\/photos.app.goo.gl\/UJFiicxym7wnZc5t6<\/a><\/p>\n\n\n\n<figure class=\"wp-block-image\"><img decoding=\"async\" src=\"https:\/\/ssl.gstatic.com\/ui\/v1\/icons\/mail\/images\/cleardot.gif\" alt=\"\"\/><\/figure>\n","protected":false},"excerpt":{"rendered":"<p>Le lyc&eacute;e Pierre Mend&egrave;s France de Tunis, &eacute;tablissement mutualisateur de la zone et dirig&eacute; par M. Bousquet, s&rsquo;est vu confier<\/p>\n","protected":false},"author":2,"featured_media":11734,"comment_status":"closed","ping_status":"closed","sticky":false,"template":"","format":"standard","meta":{"_exactmetrics_skip_tracking":false,"_exactmetrics_sitenote_active":false,"_exactmetrics_sitenote_note":"","_exactmetrics_sitenote_category":0,"footnotes":""},"categories":[195],"tags":[],"class_list":["post-11733","post","type-post","status-publish","format-standard","has-post-thumbnail","hentry","category-actualites-de-pmf"],"_links":{"self":[{"href":"https:\/\/www.ert.tn\/pmf\/wp-json\/wp\/v2\/posts\/11733","targetHints":{"allow":["GET"]}}],"collection":[{"href":"https:\/\/www.ert.tn\/pmf\/wp-json\/wp\/v2\/posts"}],"about":[{"href":"https:\/\/www.ert.tn\/pmf\/wp-json\/wp\/v2\/types\/post"}],"author":[{"embeddable":true,"href":"https:\/\/www.ert.tn\/pmf\/wp-json\/wp\/v2\/users\/2"}],"replies":[{"embeddable":true,"href":"https:\/\/www.ert.tn\/pmf\/wp-json\/wp\/v2\/comments?post=11733"}],"version-history":[{"count":1,"href":"https:\/\/www.ert.tn\/pmf\/wp-json\/wp\/v2\/posts\/11733\/revisions"}],"predecessor-version":[{"id":11735,"href":"https:\/\/www.ert.tn\/pmf\/wp-json\/wp\/v2\/posts\/11733\/revisions\/11735"}],"wp:featuredmedia":[{"embeddable":true,"href":"https:\/\/www.ert.tn\/pmf\/wp-json\/wp\/v2\/media\/11734"}],"wp:attachment":[{"href":"https:\/\/www.ert.tn\/pmf\/wp-json\/wp\/v2\/media?parent=11733"}],"wp:term":[{"taxonomy":"category","embeddable":true,"href":"https:\/\/www.ert.tn\/pmf\/wp-json\/wp\/v2\/categories?post=11733"},{"taxonomy":"post_tag","embeddable":true,"href":"https:\/\/www.ert.tn\/pmf\/wp-json\/wp\/v2\/tags?post=11733"}],"curies":[{"name":"wp","href":"https:\/\/api.w.org\/{rel}","templated":true}]}}