{"id":12078,"date":"2021-12-07T10:48:16","date_gmt":"2021-12-07T09:48:16","guid":{"rendered":"http:\/\/www.ert.tn\/pmf\/?p=12078"},"modified":"2021-12-07T10:48:17","modified_gmt":"2021-12-07T09:48:17","slug":"la-journee-mondiale-de-la-langue-arabe-a-pmf-edition-2021","status":"publish","type":"post","link":"https:\/\/www.ert.tn\/pmf\/2021\/12\/07\/la-journee-mondiale-de-la-langue-arabe-a-pmf-edition-2021\/","title":{"rendered":"La Journ\u00e9e mondiale de la langue arabe \u00e0 PMF &#8211; Edition 2021"},"content":{"rendered":"\n<p>\u00c0 l\u2019initiative de l\u2019UNESCO, la Journ\u00e9e mondiale de la langue arabe est c\u00e9l\u00e9br\u00e9e le 18 d\u00e9cembre depuis 2012. Cette date co\u00efncide avec le jour o\u00f9, en 1973, l\u2019Assembl\u00e9e g\u00e9n\u00e9rale des Nations Unies a adopt\u00e9 l\u2019arabe comme sixi\u00e8me langue officielle de l\u2019ONU.<\/p>\n\n\n\n<p>Pour 2021, la th\u00e8me de la journ\u00e9e sera <strong>\u00ab La langue arabe, un pont entre les civilisations \u00bb<\/strong>.<\/p>\n\n\n\n<p><strong>Notre \u00e9tablissement f\u00eatera cette date la semaine du 13 au 17 d\u00e9cembre 2021 pour montrer les richesses de cette langue<\/strong>\u00a0en tant que v\u00e9hicule de cultures et de civilisations du monde arabe.<\/p>\n\n\n\n<p>Pour d\u00e9couvrir toutes les actions p\u00e9dagogiques mises en place, cliquez ici\u00a0:\u00a0<a href=\"https:\/\/bit.ly\/3dpWr27\" target=\"_blank\" rel=\"noreferrer noopener\" aria-label=\"https:\/\/bit.ly\/3dpWr27 (s\u2019ouvre dans un nouvel onglet)\">https:\/\/bit.ly\/3dpWr27<\/a><\/p>\n\n\n\n<p>Le padlet sera mis \u00e0 jour r\u00e9guli\u00e8rement avec photos, articles \u2026<\/p>\n\n\n\n<p>Un grand&nbsp;<strong>merci<\/strong>&nbsp;\u00e0 tous les&nbsp;<strong>\u00e9l\u00e8ves et\naux enseignants de langue arabe<\/strong>&nbsp;qui se sont fortement mobilis\u00e9s pour nous offrir un aussi\nriche programme.<\/p>\n","protected":false},"excerpt":{"rendered":"<p>&Agrave; l&rsquo;initiative de l&rsquo;UNESCO, la Journ&eacute;e mondiale de la langue arabe est c&eacute;l&eacute;br&eacute;e le 18 d&eacute;cembre depuis 2012. Cette date<\/p>\n","protected":false},"author":2,"featured_media":12081,"comment_status":"closed","ping_status":"closed","sticky":false,"template":"","format":"standard","meta":{"_exactmetrics_skip_tracking":false,"_exactmetrics_sitenote_active":false,"_exactmetrics_sitenote_note":"","_exactmetrics_sitenote_category":0,"footnotes":""},"categories":[195,176,261],"tags":[],"class_list":["post-12078","post","type-post","status-publish","format-standard","has-post-thumbnail","hentry","category-actualites-de-pmf","category-arabe","category-section-internationale-arabe"],"_links":{"self":[{"href":"https:\/\/www.ert.tn\/pmf\/wp-json\/wp\/v2\/posts\/12078","targetHints":{"allow":["GET"]}}],"collection":[{"href":"https:\/\/www.ert.tn\/pmf\/wp-json\/wp\/v2\/posts"}],"about":[{"href":"https:\/\/www.ert.tn\/pmf\/wp-json\/wp\/v2\/types\/post"}],"author":[{"embeddable":true,"href":"https:\/\/www.ert.tn\/pmf\/wp-json\/wp\/v2\/users\/2"}],"replies":[{"embeddable":true,"href":"https:\/\/www.ert.tn\/pmf\/wp-json\/wp\/v2\/comments?post=12078"}],"version-history":[{"count":2,"href":"https:\/\/www.ert.tn\/pmf\/wp-json\/wp\/v2\/posts\/12078\/revisions"}],"predecessor-version":[{"id":12082,"href":"https:\/\/www.ert.tn\/pmf\/wp-json\/wp\/v2\/posts\/12078\/revisions\/12082"}],"wp:featuredmedia":[{"embeddable":true,"href":"https:\/\/www.ert.tn\/pmf\/wp-json\/wp\/v2\/media\/12081"}],"wp:attachment":[{"href":"https:\/\/www.ert.tn\/pmf\/wp-json\/wp\/v2\/media?parent=12078"}],"wp:term":[{"taxonomy":"category","embeddable":true,"href":"https:\/\/www.ert.tn\/pmf\/wp-json\/wp\/v2\/categories?post=12078"},{"taxonomy":"post_tag","embeddable":true,"href":"https:\/\/www.ert.tn\/pmf\/wp-json\/wp\/v2\/tags?post=12078"}],"curies":[{"name":"wp","href":"https:\/\/api.w.org\/{rel}","templated":true}]}}