{"id":12085,"date":"2021-12-07T12:05:19","date_gmt":"2021-12-07T11:05:19","guid":{"rendered":"http:\/\/www.ert.tn\/pmf\/?p=12085"},"modified":"2022-03-31T10:34:31","modified_gmt":"2022-03-31T08:34:31","slug":"plantation-darbres-lors-de-la-slfm-2021","status":"publish","type":"post","link":"https:\/\/www.ert.tn\/pmf\/2021\/12\/07\/plantation-darbres-lors-de-la-slfm-2021\/","title":{"rendered":"Plantation d&rsquo;arbres lors de la SLFM 2021"},"content":{"rendered":"\n<p>Les \u00e9l\u00e8ves et professeurs encadrants du <strong>club PMF en Vert<\/strong> se sont fortement mobilis\u00e9s lors de la Semaine des lyc\u00e9es fran\u00e7ais du monde, du 29 novembre au 03 d\u00e9cembre.<\/p>\n\n\n\n<p>En effet, <strong>plusieurs arbres ont rejoint le paysage de PMF<\/strong>: un caroubier, trois Tipuana tipu (arbres forestiers donn\u00e9s par l&rsquo;\u00e9tat tunisien \u00e0 l&rsquo;occasion de la F\u00eate de l&rsquo;arbre), deux grenadiers, un figuier et des agrumes. Ils ont \u00e9t\u00e9 plant\u00e9s selon un<strong> plan d&rsquo;am\u00e9nagement r\u00e9alis\u00e9 par les \u00e9l\u00e8ves de club<\/strong>.<\/p>\n\n\n\n<p><strong>La direction s&rsquo;est associ\u00e9e \u00e0 la plantation<\/strong> mardi 30 novembre et a f\u00e9licit\u00e9 les \u00e9l\u00e8ves pour leur engagement pour la <strong>pr\u00e9servation de l&rsquo;environnement<\/strong> et leur attachement \u00e0 leur coll\u00e8ge-lyc\u00e9e.<\/p>\n\n\n\n<p>Un grand merci tout particulier \u00e0 notre <strong>jardinier Larbi YACOUBI<\/strong> qui a pr\u00e9par\u00e9 le terrain et assist\u00e9 nos jeunes apprentis durant toute la semaine.  <\/p>\n\n\n\n<p>En marge de ces plantations, une <strong>conf\u00e9rence sur la permaculture<\/strong> a \u00e9t\u00e9 donn\u00e9e aux \u00e9l\u00e8ves de Sixi\u00e8me et Seconde par la pr\u00e9sidente de l&rsquo;Association de permaculture en Tunisie, <strong>Mme Rim MATHLOUTI<\/strong>.<\/p>\n\n\n\n<p>D\u00e9couvrez les photos de toutes les plantations: <\/p>\n\n\n\n<p><a href=\"https:\/\/photos.app.goo.gl\/dxwrLzdNAZEaYFZv8\">https:\/\/photos.app.goo.gl\/dxwrLzdNAZEaYFZv8<\/a><\/p>\n","protected":false},"excerpt":{"rendered":"<p>Les &eacute;l&egrave;ves et professeurs encadrants du club PMF en Vert se sont fortement mobilis&eacute;s lors de la Semaine des lyc&eacute;es<\/p>\n","protected":false},"author":2,"featured_media":12086,"comment_status":"closed","ping_status":"closed","sticky":false,"template":"","format":"standard","meta":{"_exactmetrics_skip_tracking":false,"_exactmetrics_sitenote_active":false,"_exactmetrics_sitenote_note":"","_exactmetrics_sitenote_category":0,"footnotes":""},"categories":[195,197,265],"tags":[],"class_list":["post-12085","post","type-post","status-publish","format-standard","has-post-thumbnail","hentry","category-actualites-de-pmf","category-clubs","category-eco-delegues"],"_links":{"self":[{"href":"https:\/\/www.ert.tn\/pmf\/wp-json\/wp\/v2\/posts\/12085","targetHints":{"allow":["GET"]}}],"collection":[{"href":"https:\/\/www.ert.tn\/pmf\/wp-json\/wp\/v2\/posts"}],"about":[{"href":"https:\/\/www.ert.tn\/pmf\/wp-json\/wp\/v2\/types\/post"}],"author":[{"embeddable":true,"href":"https:\/\/www.ert.tn\/pmf\/wp-json\/wp\/v2\/users\/2"}],"replies":[{"embeddable":true,"href":"https:\/\/www.ert.tn\/pmf\/wp-json\/wp\/v2\/comments?post=12085"}],"version-history":[{"count":1,"href":"https:\/\/www.ert.tn\/pmf\/wp-json\/wp\/v2\/posts\/12085\/revisions"}],"predecessor-version":[{"id":12087,"href":"https:\/\/www.ert.tn\/pmf\/wp-json\/wp\/v2\/posts\/12085\/revisions\/12087"}],"wp:featuredmedia":[{"embeddable":true,"href":"https:\/\/www.ert.tn\/pmf\/wp-json\/wp\/v2\/media\/12086"}],"wp:attachment":[{"href":"https:\/\/www.ert.tn\/pmf\/wp-json\/wp\/v2\/media?parent=12085"}],"wp:term":[{"taxonomy":"category","embeddable":true,"href":"https:\/\/www.ert.tn\/pmf\/wp-json\/wp\/v2\/categories?post=12085"},{"taxonomy":"post_tag","embeddable":true,"href":"https:\/\/www.ert.tn\/pmf\/wp-json\/wp\/v2\/tags?post=12085"}],"curies":[{"name":"wp","href":"https:\/\/api.w.org\/{rel}","templated":true}]}}