{"id":12447,"date":"2022-03-11T10:32:24","date_gmt":"2022-03-11T09:32:24","guid":{"rendered":"http:\/\/www.ert.tn\/pmf\/?p=12447"},"modified":"2022-03-11T10:32:26","modified_gmt":"2022-03-11T09:32:26","slug":"semaine-de-la-presse-et-des-medias-2022","status":"publish","type":"post","link":"https:\/\/www.ert.tn\/pmf\/2022\/03\/11\/semaine-de-la-presse-et-des-medias-2022\/","title":{"rendered":"Semaine de la presse et des m\u00e9dias 2022"},"content":{"rendered":"\n<p>La\u00a0\u00a033e \u00e9dition de la<strong> Semaine\u00a0de la presse et des m\u00e9dias<\/strong> dans l&rsquo;\u00c9cole aura lieu du<strong>\u00a021 au 26 mars 2022<\/strong>.<\/p>\n\n\n\n<p>Elle a pour objectif d&rsquo;aider les \u00e9l\u00e8ves, de la maternelle au lyc\u00e9e, \u00e0 : comprendre le syst\u00e8me des m\u00e9dias, former leur jugement critique, d\u00e9velopper leur go\u00fbt pour l&rsquo;actualit\u00e9 et se forger leur identit\u00e9 de citoyen.\u00a0 <\/p>\n\n\n\n<p>De nombreux projets seront men\u00e9s dans notre \u00e9tablissement durant cette semaine autour du th\u00e8me de l&rsquo;\u00e9dition 2022 : <strong>\u00ab\u00a0S\u2019informer pour comprendre le monde\u00a0\u00bb<\/strong>.  <\/p>\n\n\n\n<p>Pour comprendre le monde qui les entoure, les \u00e9l\u00e8ves doivent plus que jamais apprendre \u00e0 s&rsquo;informer en <strong>exer\u00e7ant leur esprit critique<\/strong>. Ce th\u00e8me de la SPME permet ainsi de revenir aux fondamentaux de l&rsquo;\u00e9ducation aux m\u00e9dias et \u00e0 l&rsquo;information : distinguer les diff\u00e9rentes sources, comprendre les contextes de fabrication et de diffusion de l&rsquo;information, conna\u00eetre les usages et les effets des images, savoir d\u00e9construire les st\u00e9r\u00e9otypes.\u00a0 <\/p>\n\n\n\n<p>Pour en savoir plus: <a rel=\"noreferrer noopener\" aria-label=\"https:\/\/www.clemi.fr\/fr\/semaine-presse-medias.html (s\u2019ouvre dans un nouvel onglet)\" href=\"https:\/\/www.clemi.fr\/fr\/semaine-presse-medias.html\" target=\"_blank\">https:\/\/www.clemi.fr\/fr\/semaine-presse-medias.html<\/a><\/p>\n","protected":false},"excerpt":{"rendered":"<p>La&nbsp;&nbsp;33e &eacute;dition de la Semaine&nbsp;de la presse et des m&eacute;dias dans l&rsquo;&Eacute;cole aura lieu du&nbsp;21 au 26 mars 2022. Elle<\/p>\n","protected":false},"author":2,"featured_media":12448,"comment_status":"closed","ping_status":"closed","sticky":false,"template":"","format":"standard","meta":{"_exactmetrics_skip_tracking":false,"_exactmetrics_sitenote_active":false,"_exactmetrics_sitenote_note":"","_exactmetrics_sitenote_category":0,"footnotes":""},"categories":[195,165],"tags":[],"class_list":["post-12447","post","type-post","status-publish","format-standard","has-post-thumbnail","hentry","category-actualites-de-pmf","category-cdi"],"_links":{"self":[{"href":"https:\/\/www.ert.tn\/pmf\/wp-json\/wp\/v2\/posts\/12447","targetHints":{"allow":["GET"]}}],"collection":[{"href":"https:\/\/www.ert.tn\/pmf\/wp-json\/wp\/v2\/posts"}],"about":[{"href":"https:\/\/www.ert.tn\/pmf\/wp-json\/wp\/v2\/types\/post"}],"author":[{"embeddable":true,"href":"https:\/\/www.ert.tn\/pmf\/wp-json\/wp\/v2\/users\/2"}],"replies":[{"embeddable":true,"href":"https:\/\/www.ert.tn\/pmf\/wp-json\/wp\/v2\/comments?post=12447"}],"version-history":[{"count":1,"href":"https:\/\/www.ert.tn\/pmf\/wp-json\/wp\/v2\/posts\/12447\/revisions"}],"predecessor-version":[{"id":12449,"href":"https:\/\/www.ert.tn\/pmf\/wp-json\/wp\/v2\/posts\/12447\/revisions\/12449"}],"wp:featuredmedia":[{"embeddable":true,"href":"https:\/\/www.ert.tn\/pmf\/wp-json\/wp\/v2\/media\/12448"}],"wp:attachment":[{"href":"https:\/\/www.ert.tn\/pmf\/wp-json\/wp\/v2\/media?parent=12447"}],"wp:term":[{"taxonomy":"category","embeddable":true,"href":"https:\/\/www.ert.tn\/pmf\/wp-json\/wp\/v2\/categories?post=12447"},{"taxonomy":"post_tag","embeddable":true,"href":"https:\/\/www.ert.tn\/pmf\/wp-json\/wp\/v2\/tags?post=12447"}],"curies":[{"name":"wp","href":"https:\/\/api.w.org\/{rel}","templated":true}]}}