{"id":12512,"date":"2022-03-17T07:55:07","date_gmt":"2022-03-17T06:55:07","guid":{"rendered":"http:\/\/www.ert.tn\/pmf\/?p=12512"},"modified":"2022-03-17T07:55:08","modified_gmt":"2022-03-17T06:55:08","slug":"les-habits-traditionnels-francophones-expliques-par-les-premiere-2","status":"publish","type":"post","link":"https:\/\/www.ert.tn\/pmf\/2022\/03\/17\/les-habits-traditionnels-francophones-expliques-par-les-premiere-2\/","title":{"rendered":"Les habits traditionnels francophones expliqu\u00e9s par les Premi\u00e8re 2"},"content":{"rendered":"\n<p>Dans le cadre de la Semaine de la langue fran\u00e7aise et de la francophonie, du 12 au 20 mars 2022, les \u00e9l\u00e8ves de <strong>Premi\u00e8re 2<\/strong>, encadr\u00e9s par Mme Citron (professeur d&rsquo;Histoire-G\u00e9ographie) et Mme Mathieu (documentaliste), ont effectu\u00e9 un travail consid\u00e9rable de recherche sur les <strong>habits traditionnels dans le monde francophone<\/strong>. Voici leurs travaux: <\/p>\n\n\n\n<p>La <strong>TUNISIE<\/strong> par Yasmine Blidi et Mariem Belhaj Hmida: <\/p>\n\n\n\n<div style=\"text-align: center;\"><iframe loading=\"lazy\" width=\"560\" height=\"315\" src=\"https:\/\/www.youtube.com\/embed\/jfLRUVBJloc\" title=\"YouTube video player\" frameborder=\"0\" allow=\"accelerometer; autoplay; clipboard-write; encrypted-media; gyroscope; picture-in-picture\" allowfullscreen=\"\"><\/iframe><\/div>\n\n\n\n<p>L&rsquo;<strong>AFRIQUE SUBSAHARIENNE<\/strong> par Skander Saad, Mayssa Kadhi et Yassine Nakti:  <a rel=\"noreferrer noopener\" aria-label=\"https:\/\/naktiyassine.wixsite.com\/sapologie  (s\u2019ouvre dans un nouvel onglet)\" href=\"https:\/\/naktiyassine.wixsite.com\/sapologie\" target=\"_blank\">https:\/\/naktiyassine.wixsite.com\/sapologie <\/a><\/p>\n\n\n\n<p>La <strong>BRETAGNE<\/strong> par Anis Balace et Rawen Taleb: <\/p>\n\n\n\n<div class=\"wp-block-file\"><a href=\"https:\/\/www.ert.tn\/pmf\/wp-content\/uploads\/2022\/03\/Le-costume-traditionnel-de-la-Bretagne.pdf\" target=\"_blank\" rel=\"noreferrer noopener\">Le-costume-traditionnel-de-la-Bretagne<\/a><a href=\"https:\/\/www.ert.tn\/pmf\/wp-content\/uploads\/2022\/03\/Le-costume-traditionnel-de-la-Bretagne.pdf\" class=\"wp-block-file__button\" download>T\u00e9l\u00e9charger<\/a><\/div>\n\n\n\n<p>La <strong>GRECE<\/strong> par Sirine Jerbi et Lilia Tabbane: <\/p>\n\n\n\n<div style=\"width: 100%;\"><div style=\"position: relative; padding-bottom: 56.25%; padding-top: 0; height: 0;\"><iframe loading=\"lazy\" frameborder=\"0\" width=\"1200px\" height=\"675px\" style=\"position: absolute; top: 0; left: 0; width: 100%; height: 100%;\" src=\"https:\/\/view.genial.ly\/61fe7095bd7fb500192ed920\" type=\"text\/html\" allowscriptaccess=\"always\" allowfullscreen=\"true\" scrolling=\"yes\" allownetworking=\"all\"><\/iframe> <\/div> <\/div>\n\n\n\n<p>L&rsquo;<strong>INDE francophone<\/strong> par Tessa Katz et Sarah Nzambe: <\/p>\n\n\n\n<div style=\"text-align: center;\"><iframe loading=\"lazy\" width=\"560\" height=\"315\" src=\"https:\/\/www.youtube.com\/embed\/zft2Bt2Br8A\" title=\"YouTube video player\" frameborder=\"0\" allow=\"accelerometer; autoplay; clipboard-write; encrypted-media; gyroscope; picture-in-picture\" allowfullscreen=\"\"><\/iframe><\/div>\n\n\n\n<p>Le <strong>VIETNAM<\/strong> par Anas Chakchouk et Nour El Beji: <\/p>\n\n\n\n<div style=\"text-align: center;\"><iframe loading=\"lazy\" width=\"560\" height=\"315\" src=\"https:\/\/www.youtube.com\/embed\/t8dhWQLepuE\" title=\"YouTube video player\" frameborder=\"0\" allow=\"accelerometer; autoplay; clipboard-write; encrypted-media; gyroscope; picture-in-picture\" allowfullscreen=\"\"><\/iframe><\/div>\n\n\n\n<p>La <strong>MARTINIQUE<\/strong> par Youssef Turki: <\/p>\n\n\n\n<div style=\"text-align: center;\"><iframe loading=\"lazy\" width=\"560\" height=\"315\" src=\"https:\/\/www.youtube.com\/embed\/_KTjucRv9-U\" title=\"YouTube video player\" frameborder=\"0\" allow=\"accelerometer; autoplay; clipboard-write; encrypted-media; gyroscope; picture-in-picture\" allowfullscreen=\"\"><\/iframe><\/div>\n","protected":false},"excerpt":{"rendered":"<p>Dans le cadre de la Semaine de la langue fran&ccedil;aise et de la francophonie, du 12 au 20 mars 2022,<\/p>\n","protected":false},"author":2,"featured_media":12517,"comment_status":"closed","ping_status":"closed","sticky":false,"template":"","format":"standard","meta":{"_exactmetrics_skip_tracking":false,"_exactmetrics_sitenote_active":false,"_exactmetrics_sitenote_note":"","_exactmetrics_sitenote_category":0,"footnotes":""},"categories":[195],"tags":[],"class_list":["post-12512","post","type-post","status-publish","format-standard","has-post-thumbnail","hentry","category-actualites-de-pmf"],"_links":{"self":[{"href":"https:\/\/www.ert.tn\/pmf\/wp-json\/wp\/v2\/posts\/12512","targetHints":{"allow":["GET"]}}],"collection":[{"href":"https:\/\/www.ert.tn\/pmf\/wp-json\/wp\/v2\/posts"}],"about":[{"href":"https:\/\/www.ert.tn\/pmf\/wp-json\/wp\/v2\/types\/post"}],"author":[{"embeddable":true,"href":"https:\/\/www.ert.tn\/pmf\/wp-json\/wp\/v2\/users\/2"}],"replies":[{"embeddable":true,"href":"https:\/\/www.ert.tn\/pmf\/wp-json\/wp\/v2\/comments?post=12512"}],"version-history":[{"count":3,"href":"https:\/\/www.ert.tn\/pmf\/wp-json\/wp\/v2\/posts\/12512\/revisions"}],"predecessor-version":[{"id":12518,"href":"https:\/\/www.ert.tn\/pmf\/wp-json\/wp\/v2\/posts\/12512\/revisions\/12518"}],"wp:featuredmedia":[{"embeddable":true,"href":"https:\/\/www.ert.tn\/pmf\/wp-json\/wp\/v2\/media\/12517"}],"wp:attachment":[{"href":"https:\/\/www.ert.tn\/pmf\/wp-json\/wp\/v2\/media?parent=12512"}],"wp:term":[{"taxonomy":"category","embeddable":true,"href":"https:\/\/www.ert.tn\/pmf\/wp-json\/wp\/v2\/categories?post=12512"},{"taxonomy":"post_tag","embeddable":true,"href":"https:\/\/www.ert.tn\/pmf\/wp-json\/wp\/v2\/tags?post=12512"}],"curies":[{"name":"wp","href":"https:\/\/api.w.org\/{rel}","templated":true}]}}