{"id":12519,"date":"2022-03-17T11:35:27","date_gmt":"2022-03-17T10:35:27","guid":{"rendered":"http:\/\/www.ert.tn\/pmf\/?p=12519"},"modified":"2022-03-25T12:03:02","modified_gmt":"2022-03-25T11:03:02","slug":"journee-nationale-habit-traditionnel-tunisien","status":"publish","type":"post","link":"https:\/\/www.ert.tn\/pmf\/2022\/03\/17\/journee-nationale-habit-traditionnel-tunisien\/","title":{"rendered":"PMF f\u00eate la Journ\u00e9e Nationale de l&rsquo;Habit Traditionnel Tunisien"},"content":{"rendered":"\n<p> Dans le cadre de la<strong>&nbsp;Journ\u00e9e Nationale de l\u2019Habit Traditionnel<\/strong>&nbsp;<strong>Tunisien, une exposition d&rsquo;art et un d\u00e9fil\u00e9 de mode ont \u00e9t\u00e9&nbsp;pr\u00e9sent\u00e9s&nbsp;le mercredi 16 mars 2022<\/strong>. <\/p>\n\n\n\n<p class=\"has-text-color has-vivid-red-color\"><strong>L&rsquo;EXPOSITION: <\/strong><\/p>\n\n\n\n<p>En effet, les \u00e9l\u00e8ves de 4\u00e8me6, 4\u00e8me7 et 4\u00e8me9 ont cr\u00e9\u00e9 de magnifiques \u0153uvres picturales repr\u00e9sentant\u00a0<strong>le v\u00eatement traditionnel tunisien<\/strong>, f\u00e9minin et masculin, classique ou r\u00e9interpr\u00e9t\u00e9.<br>Un corner\u00a0<strong>Costumes d&rsquo;ailleurs,\u00a0<\/strong>cr\u00e9\u00e9 par les \u00e9l\u00e8ves de 4\u00e8me8, 5\u00e8me8 et 5\u00e8me9, est consacr\u00e9 aux habits d&rsquo;autres lieux ou \u00e9poques dont on peut citer l&rsquo;habit m\u00e9di\u00e9val.<br>L&rsquo;ensemble de ces cr\u00e9ations artistiques est \u00e0 d\u00e9couvrir dans\u00a0l&rsquo;espace Exposition du CDI\u00a0ouvert \u00e0 toute la communaut\u00e9 \u00e9ducative.\u00a0Une\u00a0<strong>production num\u00e9rique<\/strong>, con\u00e7ue par\u00a0les\u00a0\u00e9l\u00e8ves de 1\u00e8re2, pr\u00e9sente les habits tunisiens entre tradition et modernit\u00e9, que vous pouvez d\u00e9couvrir ici: <a rel=\"noreferrer noopener\" aria-label=\"https:\/\/youtu.be\/jfLRUVBJloc (s\u2019ouvre dans un nouvel onglet)\" href=\"https:\/\/youtu.be\/jfLRUVBJloc\" data-rel=\"lightbox-video-0\" target=\"_blank\"><\/a><a href=\"https:\/\/www.youtube.com\/watch?v=jfLRUVBJloc\" data-rel=\"lightbox-video-1\"><\/a><a href=\"https:\/\/youtu.be\/jfLRUVBJloc\" data-rel=\"lightbox-video-2\"><\/a><a href=\"https:\/\/www.youtube.com\/watch?v=jfLRUVBJloc\" data-rel=\"lightbox-video-1\"><\/a><a rel=\"noreferrer noopener\" aria-label=\" (s\u2019ouvre dans un nouvel onglet)\" href=\"https:\/\/www.youtube.com\/watch?v=jfLRUVBJloc\" data-rel=\"lightbox-video-4\" target=\"_blank\">https:\/\/youtu.be\/jfLRUVBJlo<\/a><\/p>\n\n\n\n<p class=\"has-text-color has-vivid-red-color\"><strong>LE D\u00c9FIL\u00c9<\/strong>: <\/p>\n\n\n\n<p>Les \u00e9l\u00e8ves ont aussi d\u00e9fil\u00e9 \u00e0 cette occasion avec des habits traditionnels brod\u00e9s et tiss\u00e9s \u00e0 la main, dans une ambiance chaleureuse rythm\u00e9e aux airs de la musique folklorique&nbsp;tunisienne. Les \u00e9l\u00e8ves de la&nbsp;<strong>4\u00e8me6, 7, 8 et 9 ainsi que les 1\u00e8re2&nbsp;<\/strong>ont port\u00e9 jebba, safsari, farmla, burnous, ch\u00e9chia, sans oublier la fouta et blouza .<br>Le d\u00e9fil\u00e9 vise \u00e0 montrer&nbsp;<strong>la diversit\u00e9 du costume tunisien<\/strong>&nbsp;tout en faisant un clin d&rsquo;\u0153il aux&nbsp;<strong>costumes francophones<\/strong>&nbsp;et faire conna\u00eetre l&rsquo;\u00e9tendue de la richesse culturelle de la Tunisie et de nombreux autres pays.<\/p>\n\n\n\n<p>Les photos:&nbsp;<a rel=\"noreferrer noopener\" href=\"https:\/\/photos.app.goo.gl\/ewojQVppoLkhTUK87\" target=\"_blank\">https:\/\/photos.app.goo.gl\/ewojQVppoLkhTUK87<\/a><\/p>\n\n\n\n<p>Bravo aux \u00e9l\u00e8ves qui nous ont offert un d\u00e9fil\u00e9 haut en couleurs et nous remercions infiniment&nbsp;<strong>Mme Rehi<\/strong>, professeure d\u2019Arts plastiques,&nbsp;<strong>Mme Citron<\/strong>, professeure d&rsquo;histoire-g\u00e9ographie, et&nbsp;<strong>Mme Mathieu<\/strong>, professeure documentaliste, pour l\u2019encadrement et l\u2019organisation de ce magnifique d\u00e9fil\u00e9.<\/p>\n\n\n\n<p><\/p>\n","protected":false},"excerpt":{"rendered":"<p>Dans le cadre de la&nbsp;Journ&eacute;e Nationale de l&rsquo;Habit Traditionnel&nbsp;Tunisien, une exposition d&rsquo;art et un d&eacute;fil&eacute; de mode ont &eacute;t&eacute;&nbsp;pr&eacute;sent&eacute;s&nbsp;le mercredi<\/p>\n","protected":false},"author":2,"featured_media":12520,"comment_status":"closed","ping_status":"closed","sticky":false,"template":"","format":"standard","meta":{"_exactmetrics_skip_tracking":false,"_exactmetrics_sitenote_active":false,"_exactmetrics_sitenote_note":"","_exactmetrics_sitenote_category":0,"footnotes":""},"categories":[195],"tags":[],"class_list":["post-12519","post","type-post","status-publish","format-standard","has-post-thumbnail","hentry","category-actualites-de-pmf"],"_links":{"self":[{"href":"https:\/\/www.ert.tn\/pmf\/wp-json\/wp\/v2\/posts\/12519","targetHints":{"allow":["GET"]}}],"collection":[{"href":"https:\/\/www.ert.tn\/pmf\/wp-json\/wp\/v2\/posts"}],"about":[{"href":"https:\/\/www.ert.tn\/pmf\/wp-json\/wp\/v2\/types\/post"}],"author":[{"embeddable":true,"href":"https:\/\/www.ert.tn\/pmf\/wp-json\/wp\/v2\/users\/2"}],"replies":[{"embeddable":true,"href":"https:\/\/www.ert.tn\/pmf\/wp-json\/wp\/v2\/comments?post=12519"}],"version-history":[{"count":7,"href":"https:\/\/www.ert.tn\/pmf\/wp-json\/wp\/v2\/posts\/12519\/revisions"}],"predecessor-version":[{"id":12571,"href":"https:\/\/www.ert.tn\/pmf\/wp-json\/wp\/v2\/posts\/12519\/revisions\/12571"}],"wp:featuredmedia":[{"embeddable":true,"href":"https:\/\/www.ert.tn\/pmf\/wp-json\/wp\/v2\/media\/12520"}],"wp:attachment":[{"href":"https:\/\/www.ert.tn\/pmf\/wp-json\/wp\/v2\/media?parent=12519"}],"wp:term":[{"taxonomy":"category","embeddable":true,"href":"https:\/\/www.ert.tn\/pmf\/wp-json\/wp\/v2\/categories?post=12519"},{"taxonomy":"post_tag","embeddable":true,"href":"https:\/\/www.ert.tn\/pmf\/wp-json\/wp\/v2\/tags?post=12519"}],"curies":[{"name":"wp","href":"https:\/\/api.w.org\/{rel}","templated":true}]}}