{"id":13242,"date":"2022-05-25T11:31:41","date_gmt":"2022-05-25T09:31:41","guid":{"rendered":"http:\/\/www.ert.tn\/pmf\/?p=13242"},"modified":"2022-05-31T13:08:18","modified_gmt":"2022-05-31T11:08:18","slug":"pmf-mun-3-0","status":"publish","type":"post","link":"https:\/\/www.ert.tn\/pmf\/2022\/05\/25\/pmf-mun-3-0\/","title":{"rendered":"PMF MUN 3.0"},"content":{"rendered":"\n<p>Apr\u00e8s plus de 5 ans d\u2019absence, le <strong>Mod\u00e8le des Nations Unies<\/strong> du lyc\u00e9e Pierre Mend\u00e8s France de Tunis revient en force \u00e0 l\u2019occasion de l\u2019\u00e9dition <strong>PMF MUN 3.0<\/strong>, qui s\u2019est d\u00e9roul\u00e9 du <strong>20 au 22 mai 2022<\/strong>.&nbsp;<\/p>\n\n\n\n<p>Port\u00e9e par le club <strong>TIMUN PMF<\/strong>, \u00e9missaire des valeurs que pr\u00f4nent l\u2019ONU aupr\u00e8s des jeunes, cette escapade diplomatique &nbsp;a \u00e9t\u00e9 un <strong>succ\u00e8s \u00e9clatant<\/strong>.&nbsp;<br>Nos chers diplomates en herbes venus de tous bords ont en effet eu l\u2019honneur d\u2019\u00eatre re\u00e7us par son <strong>Excellence Monsieur l\u2019Ambassadeur de France<\/strong> pour c\u00e9l\u00e9brer la c\u00e9r\u00e9monie d\u2019ouverture du PMF MUN 3.0 dans <strong>les jardins de Dar el Kamila<\/strong>.<\/p>\n\n\n\n<p>Pour ce moment de grande joie, nous avons eu l\u2019honneur d\u2019avoir parmi nous Son Excellence <strong>Monsieur Parant<\/strong>, Ambassadeur de France, son Excellence <strong>Monsieur de Bassompierre<\/strong>, Ambassadeur de Belgique, son Excellence <strong>Monsieur Peral<\/strong>, Coordinateur r\u00e9sidant du syst\u00e8me des Nations Unies en Tunisie, et <strong>Monsieur Billiar,<\/strong> conseiller de l\u2019Ambassadeur d\u2019Ukraine.&nbsp;<strong>Monsieur Boussayene<\/strong>, pr\u00e9sident du Comit\u00e9 Olympique Tunisien, <strong>Monsieur Maillard<\/strong>, coordonnateur de l\u2019AEFE en Tunisie et en Lybie, <strong>Madame Fayala<\/strong>, repr\u00e9sentante de l\u2019UNFPA et <strong>Madame Viviani<\/strong>, repr\u00e9sentante de l\u2019UNICEF, nous ont en outre fait l\u2019honneur de venir assister \u00e0 cette c\u00e9r\u00e9monie.<\/p>\n\n\n\n<p>Apr\u00e8s cette ouverture en grande pompe, nos chers Muneurs se sont adonn\u00e9s \u00e0 d\u2019<strong>incroyables joutes oratoires <\/strong>et des<strong> d\u00e9bats certes houleux mais toujours fructueux<\/strong> (ou presque&nbsp;!).<\/p>\n\n\n\n<p>De la <strong>guerre d\u2019Alg\u00e9rie<\/strong>, \u00e0 la<strong> crise terroriste<\/strong> en passant par la <strong>condition f\u00e9minine<\/strong> et le <strong>futur des \u00e9nergies et des mers<\/strong>, les comit\u00e9s ont tourn\u00e9 \u00e0 plein r\u00e9gime durant deux jours. Mais que serait un bon Mod\u00e8le des Nations Unies sans une ambiance d\u00e9tendue et festive !<\/p>\n\n\n\n<p><em><strong>D\u00e9couvrez les photos du PMF MUN: <\/strong><\/em><a rel=\"noreferrer noopener\" aria-label=\" (s\u2019ouvre dans un nouvel onglet)\" href=\"https:\/\/photos.app.goo.gl\/esxmDWJ8ahNMBt5j7\" target=\"_blank\">https:\/\/photos.app.goo.gl\/esxmDWJ8ahNMBt5j7<\/a><\/p>\n\n\n\n<p>N\u00e9gociant&nbsp;co\u00fbte que co\u00fbte les <strong>articles des r\u00e9solutions<\/strong>,&nbsp;nos chers d\u00e9l\u00e9gu\u00e9s accompagn\u00e9s par la <strong>talentueuse \u00e9quipe de chairs<\/strong> se sont d\u00e9cha\u00een\u00e9s.&nbsp;&nbsp;<\/p>\n\n\n\n<p>Cependant, ce qu\u2019aura permis cette incroyable exp\u00e9rience,&nbsp;c\u2019est de <strong>c\u00e9l\u00e9brer ce lien entre cette jeunesse \u00e9clair\u00e9e, et nos A\u00een\u00e9es<\/strong> et leur volont\u00e9 de soutenir nos projets, mais bien plus que cela nos espoirs et nos aspirations. Ainsi derri\u00e8re ce projet, se tient toute l\u2019administration et \u00e0 sa t\u00eate notre Proviseur, Monsieur Bousquet, nos proviseurs adjoints, Messieurs Verbeke et Comuce et notre CPE, Monsieur Psalmon, dont le soutien et la bienveillance nous ont permis d\u2019en arriver l\u00e0.<\/p>\n\n\n\n<p>Au m\u00eame titre, un trio d\u2019exception compos\u00e9 de Madame Chridi, responsable de communication du lyc\u00e9e et de Mesdames Lahouar et Haffani, adjointes au Secr\u00e9tariat G\u00e9n\u00e9ral, nous ont \u00e9paul\u00e9 et accompagn\u00e9 dans notre d\u00e9marche. Et enfin, comment ne pas \u00e9voquer nos chers professeurs qui nous ont toujours soutenus.<\/p>\n\n\n\n<p>Cet \u00e9v\u00e9nement, port\u00e9 par une <strong>talentueuse \u00e9quipe<\/strong> (Moez KAMOUN, Anass BETTAIEB, Aicha KNANI, Hedi MOURALI, Slim FARHAT et Aziz DRISS) aura t\u00e9moign\u00e9 de cette <strong>volont\u00e9 des jeunes d\u2019accomplir et de v\u00e9hiculer des valeurs qui nous d\u00e9passent<\/strong>. <\/p>\n\n\n\n<p>PMF MUN 3.0 aura \u00e9t\u00e9 plus qu\u2019un simple \u00e9v\u00e9nement culturel, mais bien un <strong>v\u00e9ritable incubateur de citoyens responsables, leaders de demain<\/strong>.&nbsp;<br>Nous c\u00e9l\u00e9brons cette jeunesse qui peut, cette jeunesse qui veut et enfin cette jeunesse qui fait !!&nbsp;<\/p>\n\n\n\n<p>Longue vie au relationnel qui unit la France et la Tunisie, &nbsp;<br>Longue vie au lyc\u00e9e Pierre Mend\u00e8s France de Tunis,&nbsp;Longue vie au Mod\u00e8le des Nations Unies PMF MUN et au club TIMUN PMF.&nbsp;<\/p>\n\n\n\n<p>Vive cette jeunesse \u00e9clair\u00e9e f\u00e9rue de l\u2019art oratoire et consciente des enjeux qui dictent la marche du monde, car \u00ab ce n\u2019est que par le d\u00e9bat que progresse la culture \u00bb (Elie SHAFAK).<\/p>\n","protected":false},"excerpt":{"rendered":"<p>Apr&egrave;s plus de 5 ans d&rsquo;absence, le Mod&egrave;le des Nations Unies du lyc&eacute;e Pierre Mend&egrave;s France de Tunis revient en<\/p>\n","protected":false},"author":2,"featured_media":13272,"comment_status":"closed","ping_status":"closed","sticky":false,"template":"","format":"standard","meta":{"_exactmetrics_skip_tracking":false,"_exactmetrics_sitenote_active":false,"_exactmetrics_sitenote_note":"","_exactmetrics_sitenote_category":0,"footnotes":""},"categories":[195,240],"tags":[],"class_list":["post-13242","post","type-post","status-publish","format-standard","has-post-thumbnail","hentry","category-actualites-de-pmf","category-mun"],"_links":{"self":[{"href":"https:\/\/www.ert.tn\/pmf\/wp-json\/wp\/v2\/posts\/13242","targetHints":{"allow":["GET"]}}],"collection":[{"href":"https:\/\/www.ert.tn\/pmf\/wp-json\/wp\/v2\/posts"}],"about":[{"href":"https:\/\/www.ert.tn\/pmf\/wp-json\/wp\/v2\/types\/post"}],"author":[{"embeddable":true,"href":"https:\/\/www.ert.tn\/pmf\/wp-json\/wp\/v2\/users\/2"}],"replies":[{"embeddable":true,"href":"https:\/\/www.ert.tn\/pmf\/wp-json\/wp\/v2\/comments?post=13242"}],"version-history":[{"count":2,"href":"https:\/\/www.ert.tn\/pmf\/wp-json\/wp\/v2\/posts\/13242\/revisions"}],"predecessor-version":[{"id":13273,"href":"https:\/\/www.ert.tn\/pmf\/wp-json\/wp\/v2\/posts\/13242\/revisions\/13273"}],"wp:featuredmedia":[{"embeddable":true,"href":"https:\/\/www.ert.tn\/pmf\/wp-json\/wp\/v2\/media\/13272"}],"wp:attachment":[{"href":"https:\/\/www.ert.tn\/pmf\/wp-json\/wp\/v2\/media?parent=13242"}],"wp:term":[{"taxonomy":"category","embeddable":true,"href":"https:\/\/www.ert.tn\/pmf\/wp-json\/wp\/v2\/categories?post=13242"},{"taxonomy":"post_tag","embeddable":true,"href":"https:\/\/www.ert.tn\/pmf\/wp-json\/wp\/v2\/tags?post=13242"}],"curies":[{"name":"wp","href":"https:\/\/api.w.org\/{rel}","templated":true}]}}