{"id":13292,"date":"2022-06-02T16:39:25","date_gmt":"2022-06-02T14:39:25","guid":{"rendered":"http:\/\/www.ert.tn\/pmf\/?p=13292"},"modified":"2022-06-02T16:39:26","modified_gmt":"2022-06-02T14:39:26","slug":"nous-sommes-condamnes-a-esperer-a-zarzis","status":"publish","type":"post","link":"https:\/\/www.ert.tn\/pmf\/2022\/06\/02\/nous-sommes-condamnes-a-esperer-a-zarzis\/","title":{"rendered":"\u00ab\u00a0Nous sommes condamn\u00e9s \u00e0 esp\u00e9rer\u00a0\u00bb \u00e0 Zarzis"},"content":{"rendered":"\n<p>Dans le cadre de l&rsquo;APP Nous sommes condamn\u00e9s \u00e0 esp\u00e9rer, les \u00e9l\u00e8ves de Troisi\u00e8me ont r\u00e9alis\u00e9 un reportage vid\u00e9o suite \u00e0 leur voyage dans le sud tunisien et plus pr\u00e9cis\u00e9ment \u00e0 Zarzis.<\/p>\n\n\n\n<div style=\"text-align: center;\"><iframe loading=\"lazy\" width=\"560\" height=\"315\" src=\"https:\/\/www.youtube.com\/embed\/pCYoBHFYdK4\" title=\"YouTube video player\" frameborder=\"0\" allow=\"accelerometer; autoplay; clipboard-write; encrypted-media; gyroscope; picture-in-picture\" allowfullscreen><\/iframe><\/div>\n","protected":false},"excerpt":{"rendered":"<p>Dans le cadre de l&rsquo;APP Nous sommes condamn&eacute;s &agrave; esp&eacute;rer, les &eacute;l&egrave;ves de Troisi&egrave;me ont r&eacute;alis&eacute; un reportage vid&eacute;o suite<\/p>\n","protected":false},"author":2,"featured_media":13293,"comment_status":"closed","ping_status":"closed","sticky":false,"template":"","format":"standard","meta":{"_exactmetrics_skip_tracking":false,"_exactmetrics_sitenote_active":false,"_exactmetrics_sitenote_note":"","_exactmetrics_sitenote_category":0,"footnotes":""},"categories":[241],"tags":[],"class_list":["post-13292","post","type-post","status-publish","format-standard","has-post-thumbnail","hentry","category-nous-sommes-condamnes-a-esperer"],"_links":{"self":[{"href":"https:\/\/www.ert.tn\/pmf\/wp-json\/wp\/v2\/posts\/13292","targetHints":{"allow":["GET"]}}],"collection":[{"href":"https:\/\/www.ert.tn\/pmf\/wp-json\/wp\/v2\/posts"}],"about":[{"href":"https:\/\/www.ert.tn\/pmf\/wp-json\/wp\/v2\/types\/post"}],"author":[{"embeddable":true,"href":"https:\/\/www.ert.tn\/pmf\/wp-json\/wp\/v2\/users\/2"}],"replies":[{"embeddable":true,"href":"https:\/\/www.ert.tn\/pmf\/wp-json\/wp\/v2\/comments?post=13292"}],"version-history":[{"count":1,"href":"https:\/\/www.ert.tn\/pmf\/wp-json\/wp\/v2\/posts\/13292\/revisions"}],"predecessor-version":[{"id":13294,"href":"https:\/\/www.ert.tn\/pmf\/wp-json\/wp\/v2\/posts\/13292\/revisions\/13294"}],"wp:featuredmedia":[{"embeddable":true,"href":"https:\/\/www.ert.tn\/pmf\/wp-json\/wp\/v2\/media\/13293"}],"wp:attachment":[{"href":"https:\/\/www.ert.tn\/pmf\/wp-json\/wp\/v2\/media?parent=13292"}],"wp:term":[{"taxonomy":"category","embeddable":true,"href":"https:\/\/www.ert.tn\/pmf\/wp-json\/wp\/v2\/categories?post=13292"},{"taxonomy":"post_tag","embeddable":true,"href":"https:\/\/www.ert.tn\/pmf\/wp-json\/wp\/v2\/tags?post=13292"}],"curies":[{"name":"wp","href":"https:\/\/api.w.org\/{rel}","templated":true}]}}