{"id":13380,"date":"2022-06-09T16:11:43","date_gmt":"2022-06-09T14:11:43","guid":{"rendered":"http:\/\/www.ert.tn\/pmf\/?p=13380"},"modified":"2022-06-10T17:13:46","modified_gmt":"2022-06-10T15:13:46","slug":"pmf-se-distingue-au-concours-le-plumier-dor","status":"publish","type":"post","link":"https:\/\/www.ert.tn\/pmf\/2022\/06\/09\/pmf-se-distingue-au-concours-le-plumier-dor\/","title":{"rendered":"PMF se distingue au Concours \u00ab\u00a0Le Plumier d&rsquo;Or\u00a0\u00bb"},"content":{"rendered":"\n<p>Cr\u00e9\u00e9 en 1997, le <strong>Plumier d\u2019or<\/strong> est un <strong>concours de langue fran\u00e7aise<\/strong> destin\u00e9 aux \u00e9l\u00e8ves de 4e des coll\u00e8ges, publics et priv\u00e9s, en France et \u00e0 l&rsquo;\u00e9tranger. Il est organis\u00e9 par l\u2019association <strong>D\u00e9fense de la Langue Fran\u00e7aise<\/strong> et parrain\u00e9e par la Marine nationale fran\u00e7aise \u00e0 l&rsquo;occasion de la Semaine de la Francophonie.<\/p>\n\n\n\n<p>Les \u00e9l\u00e8ves de la <strong>4\u00e8me 3 et 9<\/strong>, encadr\u00e9s par <strong>Mme Khelil<\/strong>, professeure de Lettres, ont particip\u00e9 \u00e0 l\u2019\u00e9dition 2022 et 6 d\u2019entre eux ont \u00e9t\u00e9 pr\u00e9s\u00e9lectionn\u00e9s pour y concourir. <\/p>\n\n\n\n<p><strong>Nour BEN REGUIGA<\/strong> a \u00e9t\u00e9 distingu\u00e9e par les organisateurs du concours qui lui ont d\u00e9cern\u00e9\u00a0un <strong>dipl\u00f4me\u00a0d\u2019encouragements<\/strong>.  En d\u00e9but de conseil de classe, <strong>l&rsquo;\u00e9quipe de Direction, <\/strong>repr\u00e9sent\u00e9e par <strong>M. Comuce<\/strong>, Proviseur Adjoint Coll\u00e8ge, a tenu \u00e0 le lui remettre en main propre ce jeudi 09 juin, <strong>en pr\u00e9sence de ses parents, de M. Fassatoui, Pr\u00e9sident du conseil de classe et toute l&rsquo;\u00e9quipe p\u00e9dagogique<\/strong>. Nous la f\u00e9licitons !<\/p>\n\n\n\n<p>Pour information, deux \u00e9l\u00e8ves de PMF, Slim Hachicha\net Isma\u00efl Mouelhi, avaient d\u00e9j\u00e0 re\u00e7u \u00e0 Paris un Prix du Plumier d\u2019or en 2012 et\n2014.<strong><\/strong><\/p>\n\n\n\n<p>Cette ann\u00e9e, plus de 21.000 \u00e9l\u00e8ves et presque 300 \u00e9tablissements ont particip\u00e9, en France, dans les DOM-TOM et dans les \u00e9tablissements scolaires de l&rsquo;AEFE.<\/p>\n\n\n\n<div class=\"wp-block-image\"><figure class=\"aligncenter is-resized\"><img loading=\"lazy\" decoding=\"async\" src=\"http:\/\/www.ert.tn\/pmf\/wp-content\/uploads\/2022\/06\/DSC_0646-1024x681.jpg\" alt=\"\" class=\"wp-image-13386\" width=\"768\" height=\"511\" srcset=\"https:\/\/www.ert.tn\/pmf\/wp-content\/uploads\/2022\/06\/DSC_0646-1024x681.jpg 1024w, https:\/\/www.ert.tn\/pmf\/wp-content\/uploads\/2022\/06\/DSC_0646-300x199.jpg 300w, https:\/\/www.ert.tn\/pmf\/wp-content\/uploads\/2022\/06\/DSC_0646-768x511.jpg 768w, https:\/\/www.ert.tn\/pmf\/wp-content\/uploads\/2022\/06\/DSC_0646-272x182.jpg 272w\" sizes=\"auto, (max-width: 768px) 100vw, 768px\" \/><\/figure><\/div>\n\n\n\n<div class=\"wp-block-image\"><figure class=\"aligncenter is-resized\"><img loading=\"lazy\" decoding=\"async\" src=\"http:\/\/www.ert.tn\/pmf\/wp-content\/uploads\/2022\/06\/DSC_0637-1024x681.jpg\" alt=\"\" class=\"wp-image-13383\" width=\"768\" height=\"511\" srcset=\"https:\/\/www.ert.tn\/pmf\/wp-content\/uploads\/2022\/06\/DSC_0637-1024x681.jpg 1024w, https:\/\/www.ert.tn\/pmf\/wp-content\/uploads\/2022\/06\/DSC_0637-300x199.jpg 300w, https:\/\/www.ert.tn\/pmf\/wp-content\/uploads\/2022\/06\/DSC_0637-768x511.jpg 768w, https:\/\/www.ert.tn\/pmf\/wp-content\/uploads\/2022\/06\/DSC_0637-272x182.jpg 272w\" sizes=\"auto, (max-width: 768px) 100vw, 768px\" \/><\/figure><\/div>\n\n\n\n<div class=\"wp-block-image\"><figure class=\"aligncenter is-resized\"><img loading=\"lazy\" decoding=\"async\" src=\"http:\/\/www.ert.tn\/pmf\/wp-content\/uploads\/2022\/06\/DSC_0641-e1654783815397-681x1024.jpg\" alt=\"\" class=\"wp-image-13384\" width=\"511\" height=\"768\" srcset=\"https:\/\/www.ert.tn\/pmf\/wp-content\/uploads\/2022\/06\/DSC_0641-e1654783815397-681x1024.jpg 681w, https:\/\/www.ert.tn\/pmf\/wp-content\/uploads\/2022\/06\/DSC_0641-e1654783815397-199x300.jpg 199w, https:\/\/www.ert.tn\/pmf\/wp-content\/uploads\/2022\/06\/DSC_0641-e1654783815397-768x1155.jpg 768w\" sizes=\"auto, (max-width: 511px) 100vw, 511px\" \/><\/figure><\/div>\n\n\n\n<figure class=\"wp-block-image is-resized\"><img loading=\"lazy\" decoding=\"async\" src=\"http:\/\/www.ert.tn\/pmf\/wp-content\/uploads\/2022\/06\/DSC_0650-1024x681.jpg\" alt=\"\" class=\"wp-image-13381\" width=\"768\" height=\"511\" srcset=\"https:\/\/www.ert.tn\/pmf\/wp-content\/uploads\/2022\/06\/DSC_0650-1024x681.jpg 1024w, https:\/\/www.ert.tn\/pmf\/wp-content\/uploads\/2022\/06\/DSC_0650-300x199.jpg 300w, https:\/\/www.ert.tn\/pmf\/wp-content\/uploads\/2022\/06\/DSC_0650-768x511.jpg 768w, https:\/\/www.ert.tn\/pmf\/wp-content\/uploads\/2022\/06\/DSC_0650-272x182.jpg 272w\" sizes=\"auto, (max-width: 768px) 100vw, 768px\" \/><\/figure>\n\n\n\n<div class=\"wp-block-image\"><figure class=\"aligncenter is-resized\"><img loading=\"lazy\" decoding=\"async\" src=\"http:\/\/www.ert.tn\/pmf\/wp-content\/uploads\/2022\/06\/DSC_0645-1024x681.jpg\" alt=\"\" class=\"wp-image-13385\" width=\"768\" height=\"511\" srcset=\"https:\/\/www.ert.tn\/pmf\/wp-content\/uploads\/2022\/06\/DSC_0645-1024x681.jpg 1024w, https:\/\/www.ert.tn\/pmf\/wp-content\/uploads\/2022\/06\/DSC_0645-300x199.jpg 300w, https:\/\/www.ert.tn\/pmf\/wp-content\/uploads\/2022\/06\/DSC_0645-768x511.jpg 768w, https:\/\/www.ert.tn\/pmf\/wp-content\/uploads\/2022\/06\/DSC_0645-272x182.jpg 272w\" sizes=\"auto, (max-width: 768px) 100vw, 768px\" \/><\/figure><\/div>\n","protected":false},"excerpt":{"rendered":"<p>Cr&eacute;&eacute; en 1997, le Plumier d&rsquo;or est un concours de langue fran&ccedil;aise destin&eacute; aux &eacute;l&egrave;ves de 4e des coll&egrave;ges, publics<\/p>\n","protected":false},"author":2,"featured_media":13388,"comment_status":"closed","ping_status":"closed","sticky":false,"template":"","format":"standard","meta":{"_exactmetrics_skip_tracking":false,"_exactmetrics_sitenote_active":false,"_exactmetrics_sitenote_note":"","_exactmetrics_sitenote_category":0,"footnotes":""},"categories":[195,181],"tags":[],"class_list":["post-13380","post","type-post","status-publish","format-standard","has-post-thumbnail","hentry","category-actualites-de-pmf","category-francais"],"_links":{"self":[{"href":"https:\/\/www.ert.tn\/pmf\/wp-json\/wp\/v2\/posts\/13380","targetHints":{"allow":["GET"]}}],"collection":[{"href":"https:\/\/www.ert.tn\/pmf\/wp-json\/wp\/v2\/posts"}],"about":[{"href":"https:\/\/www.ert.tn\/pmf\/wp-json\/wp\/v2\/types\/post"}],"author":[{"embeddable":true,"href":"https:\/\/www.ert.tn\/pmf\/wp-json\/wp\/v2\/users\/2"}],"replies":[{"embeddable":true,"href":"https:\/\/www.ert.tn\/pmf\/wp-json\/wp\/v2\/comments?post=13380"}],"version-history":[{"count":4,"href":"https:\/\/www.ert.tn\/pmf\/wp-json\/wp\/v2\/posts\/13380\/revisions"}],"predecessor-version":[{"id":13410,"href":"https:\/\/www.ert.tn\/pmf\/wp-json\/wp\/v2\/posts\/13380\/revisions\/13410"}],"wp:featuredmedia":[{"embeddable":true,"href":"https:\/\/www.ert.tn\/pmf\/wp-json\/wp\/v2\/media\/13388"}],"wp:attachment":[{"href":"https:\/\/www.ert.tn\/pmf\/wp-json\/wp\/v2\/media?parent=13380"}],"wp:term":[{"taxonomy":"category","embeddable":true,"href":"https:\/\/www.ert.tn\/pmf\/wp-json\/wp\/v2\/categories?post=13380"},{"taxonomy":"post_tag","embeddable":true,"href":"https:\/\/www.ert.tn\/pmf\/wp-json\/wp\/v2\/tags?post=13380"}],"curies":[{"name":"wp","href":"https:\/\/api.w.org\/{rel}","templated":true}]}}