{"id":13665,"date":"2022-09-12T11:53:19","date_gmt":"2022-09-12T09:53:19","guid":{"rendered":"http:\/\/www.ert.tn\/pmf\/?p=13665"},"modified":"2022-09-12T12:02:38","modified_gmt":"2022-09-12T10:02:38","slug":"verte-ou-noire","status":"publish","type":"post","link":"https:\/\/www.ert.tn\/pmf\/2022\/09\/12\/verte-ou-noire\/","title":{"rendered":"Verte ou Noire?"},"content":{"rendered":"\n<p>Un nouveau protocole de tri des d\u00e9chets est mis en place pour la rentr\u00e9e 2022 \u00e0 PMF : <\/p>\n\n\n\n<ul class=\"wp-block-list\"><li>Les Poubelles vertes sont destin\u00e9es aux d\u00e9chets recyclables.<\/li><\/ul>\n\n\n\n<ul class=\"wp-block-list\"><li>Les Poubelles noires sont destin\u00e9es aux d\u00e9chets non recyclables.<\/li><\/ul>\n\n\n\n<p>Notre partenaire Colibris sera ensuite charg\u00e9 de collecter l&rsquo;ensemble des poubelles du site PMF.<\/p>\n\n\n\n<ul class=\"wp-block-gallery columns-2 is-cropped wp-block-gallery-1 is-layout-flex wp-block-gallery-is-layout-flex\"><li class=\"blocks-gallery-item\"><figure><img loading=\"lazy\" decoding=\"async\" width=\"1024\" height=\"724\" src=\"https:\/\/www.ert.tn\/pmf\/wp-content\/uploads\/2022\/09\/POUBELLE-NOIRE-1-1-1024x724.png\" alt=\"\" data-id=\"13668\" data-link=\"https:\/\/www.ert.tn\/pmf\/?attachment_id=13668\" class=\"wp-image-13668\" srcset=\"https:\/\/www.ert.tn\/pmf\/wp-content\/uploads\/2022\/09\/POUBELLE-NOIRE-1-1-1024x724.png 1024w, https:\/\/www.ert.tn\/pmf\/wp-content\/uploads\/2022\/09\/POUBELLE-NOIRE-1-1-300x212.png 300w, https:\/\/www.ert.tn\/pmf\/wp-content\/uploads\/2022\/09\/POUBELLE-NOIRE-1-1-768x543.png 768w\" sizes=\"auto, (max-width: 1024px) 100vw, 1024px\" \/><\/figure><\/li><li class=\"blocks-gallery-item\"><figure><img loading=\"lazy\" decoding=\"async\" width=\"1024\" height=\"724\" src=\"https:\/\/www.ert.tn\/pmf\/wp-content\/uploads\/2022\/09\/POUBELLE-VERTE-1-1-1024x724.png\" alt=\"\" data-id=\"13669\" data-link=\"https:\/\/www.ert.tn\/pmf\/?attachment_id=13669\" class=\"wp-image-13669\" srcset=\"https:\/\/www.ert.tn\/pmf\/wp-content\/uploads\/2022\/09\/POUBELLE-VERTE-1-1-1024x724.png 1024w, https:\/\/www.ert.tn\/pmf\/wp-content\/uploads\/2022\/09\/POUBELLE-VERTE-1-1-300x212.png 300w, https:\/\/www.ert.tn\/pmf\/wp-content\/uploads\/2022\/09\/POUBELLE-VERTE-1-1-768x543.png 768w\" sizes=\"auto, (max-width: 1024px) 100vw, 1024px\" \/><\/figure><\/li><\/ul>\n","protected":false},"excerpt":{"rendered":"<p>Un nouveau protocole de tri des d&eacute;chets est mis en place pour la rentr&eacute;e 2022 &agrave; PMF : Les Poubelles<\/p>\n","protected":false},"author":5,"featured_media":13673,"comment_status":"closed","ping_status":"closed","sticky":false,"template":"","format":"standard","meta":{"_exactmetrics_skip_tracking":false,"_exactmetrics_sitenote_active":false,"_exactmetrics_sitenote_note":"","_exactmetrics_sitenote_category":0,"footnotes":""},"categories":[195,265],"tags":[],"class_list":["post-13665","post","type-post","status-publish","format-standard","has-post-thumbnail","hentry","category-actualites-de-pmf","category-eco-delegues"],"_links":{"self":[{"href":"https:\/\/www.ert.tn\/pmf\/wp-json\/wp\/v2\/posts\/13665","targetHints":{"allow":["GET"]}}],"collection":[{"href":"https:\/\/www.ert.tn\/pmf\/wp-json\/wp\/v2\/posts"}],"about":[{"href":"https:\/\/www.ert.tn\/pmf\/wp-json\/wp\/v2\/types\/post"}],"author":[{"embeddable":true,"href":"https:\/\/www.ert.tn\/pmf\/wp-json\/wp\/v2\/users\/5"}],"replies":[{"embeddable":true,"href":"https:\/\/www.ert.tn\/pmf\/wp-json\/wp\/v2\/comments?post=13665"}],"version-history":[{"count":2,"href":"https:\/\/www.ert.tn\/pmf\/wp-json\/wp\/v2\/posts\/13665\/revisions"}],"predecessor-version":[{"id":13671,"href":"https:\/\/www.ert.tn\/pmf\/wp-json\/wp\/v2\/posts\/13665\/revisions\/13671"}],"wp:featuredmedia":[{"embeddable":true,"href":"https:\/\/www.ert.tn\/pmf\/wp-json\/wp\/v2\/media\/13673"}],"wp:attachment":[{"href":"https:\/\/www.ert.tn\/pmf\/wp-json\/wp\/v2\/media?parent=13665"}],"wp:term":[{"taxonomy":"category","embeddable":true,"href":"https:\/\/www.ert.tn\/pmf\/wp-json\/wp\/v2\/categories?post=13665"},{"taxonomy":"post_tag","embeddable":true,"href":"https:\/\/www.ert.tn\/pmf\/wp-json\/wp\/v2\/tags?post=13665"}],"curies":[{"name":"wp","href":"https:\/\/api.w.org\/{rel}","templated":true}]}}