{"id":13888,"date":"2022-09-30T12:47:29","date_gmt":"2022-09-30T10:47:29","guid":{"rendered":"http:\/\/www.ert.tn\/pmf\/?p=13888"},"modified":"2022-09-30T12:47:31","modified_gmt":"2022-09-30T10:47:31","slug":"conseil-des-affaires-administratives-et-financieres-caaf","status":"publish","type":"post","link":"https:\/\/www.ert.tn\/pmf\/2022\/09\/30\/conseil-des-affaires-administratives-et-financieres-caaf\/","title":{"rendered":"Conseil des affaires administratives et financi\u00e8res (CAAF)"},"content":{"rendered":"\n<p>Elabore et valide l\u2019ensemble du projet de la zone et le transmet \u00e0 l\u2019agence pour avis: <\/p>\n\n\n\n<ul class=\"wp-block-list\"><li>Il valide et met en \u0153uvre le plan r\u00e9gional de formation des personnels (PRF) <\/li><li>Il valide les demandes de subventions pour les actions p\u00e9dagogiques <\/li><li>Il propose, valide et met en \u0153uvre toute action mutualis\u00e9e au services des \u00e9tablissements de la zone <\/li><li>Il valide les bilans annuels et propose les axes de rem\u00e9diations propos\u00e9s. <\/li><\/ul>\n\n\n\n<p class=\"has-text-color has-vivid-cyan-blue-color\"><strong>COMPOSITION: <\/strong><\/p>\n\n\n\n<p><strong>Membres de droit: <\/strong><\/p>\n\n\n\n<ul class=\"wp-block-list\"><li>Chef de secteur g\u00e9ographique concern\u00e9 ou son repr\u00e9sentant, pr\u00e9sident <\/li><li>Le COCAC adjoint ou l\u2019attach\u00e9 culturel charg\u00e9 du r\u00e9seau de l\u2019EFE (Maroc, Etats Unis, Liban, Espagne, Allemagne, Tunisie, Royaume Uni, Madagascar) ou son repr\u00e9sentant, vice pr\u00e9sident(e)\u2026 <\/li><li>L\u2019IA-IPR r\u00e9f\u00e9rent(e) de la zone <\/li><li>L\u2019IEN ou les IEN de la zone <\/li><li>Le ou la cheffe de l\u2019\u00e9tablissement de l\u2019IRF <\/li><li>Le ou la secr\u00e9taire g\u00e9n\u00e9ral(e) et\/ou le (la) DAF-ACS de l\u2019IRF en gestion directe, ou le (la) DAF de l\u2019IRF plac\u00e9(e) aupr\u00e8s d\u2019un \u00e9tablissement conventionn\u00e9 <\/li><li>L\u2019agent comptable secondaire de l\u2019IRF sans voix d\u00e9lib\u00e9rative <\/li><\/ul>\n\n\n\n<p><strong>Membres \u00e9lus: <\/strong><\/p>\n\n\n\n<ul class=\"wp-block-list\"><li>Un personnel de direction repr\u00e9sentant d\u2019un \u00e9tablissement EGD ou conventionn\u00e9 (autre que celui de l\u2019IRF), \u00e0 \u00e9lire par et parmi les personnels de direction des EGD ou des conventionn\u00e9s <\/li><li>Un personnel de direction ou un directeur (trice) d\u2019\u00e9cole, repr\u00e9sentant les \u00e9tablissements partenaires (hors Mlf), \u00a0\u00e0 \u00e9lire par et parmi les personnels de direction ou les directeurs (trices) d&rsquo;\u00e9coles des \u00e9tablissements partenaires <\/li><li>Un(e) repr\u00e9sentant(e) de f\u00e9d\u00e9ration ou d\u2019association de parents d\u2019\u00e9l\u00e8ves (APE) d&rsquo;un EGD de la zone, \u00e2 \u00e9lire par et parmi les pr\u00e9sident(e)s (ou leur repr\u00e9sentant d\u00fbment mandat\u00e9) de f\u00e9d\u00e9ration ou d&rsquo;association de parents d\u2019\u00e9l\u00e8ves (APE) d\u00fbment constitu\u00e9es comportant des \u00e9lus au sein des conseils d&rsquo;\u00e9tablissement (ou son suppl\u00e9ant) <\/li><li>Un(e) repr\u00e9sentant(e) des organismes gestionnaires des \u00e9tablissements conventionn\u00e9s de la zone (hors \u00e9tablissement en pleine responsabilit\u00e9 de la Mlf), \u00e0 \u00e9lire par et parmi les pr\u00e9sident(s) (ou leur repr\u00e9sentant d\u00fbment mandat\u00e9) des comit\u00e9s de gestion des \u00e9tablissements conventionn\u00e9s de la zone (ou son suppl\u00e9ant) <\/li><li>Un(e) repr\u00e9sentant(e) des organismes gestionnaires des \u00e9tablissements partenaires de la zone (hors \u00e9tablissement en pleine responsabilit\u00e9 de la Mlf) \u00e0 \u00e9lire par et parmi les pr\u00e9sident(e)s (ou leur repr\u00e9sentant d\u00fbment mandat\u00e9 )des comit\u00e9s de gestion des \u00e9tablissements partenaires de la zone (ou son suppl\u00e9ant) <\/li><li>Un(e) repr\u00e9sentant(e) des personnels enseignants et d\u2019\u00e9ducation du 1er degr\u00e9 des EGD et des \u00e9tablissements conventionn\u00e9s, \u00e0 \u00e9lire par et parmi les personnels du 1er degr\u00e9 si\u00e9geant au conseil d\u2019 \u00e9tablissement ou d\u00e9sign\u00e9s par eux dans les cellules de formation des \u00e9tablissements de la zone (ou son suppl\u00e9ant) <\/li><li>Un(e) repr\u00e9sentant(e) des personnels enseignants et d\u2019\u00e9ducation du 2nd degr\u00e9 des EGD et des \u00e9tablissements conventionn\u00e9s, \u00e0 \u00e9lire par et parmi les personnels du 2nd degr\u00e9 si\u00e9geant au conseil d\u2019\u00e9tablissement ou d\u00e9sign\u00e9s par eux dans les cellules de formation des \u00e9tablissements de la zone (ou son suppl\u00e9ant) <\/li><li>Un(e) repr\u00e9sentant(e) des personnels\u00a0 non enseignants\u00a0 des\u00a0 EGD\u00a0 et\u00a0 des \u00e9tablissements conventionn\u00e9s (administratifs, techniques,\u00a0 sociaux\u00a0 st da sant\u00e9), \u00e0 \u00e9lire par et parmi les personnels non enseignants (administratifs, techniques, sociaux et de sant\u00e9) si\u00e9geant au conseil d\u2019\u00e9tablissement ou d\u00e9sign\u00e9s par eux dans les cellules de formation des \u00e9tablissements de la zone (ou son suppl\u00e9ant) <\/li><li>Un(e) repr\u00e9sentant(e) des personnels des \u00e9tablissements partenaires \u00e0 \u00e9lire par et parmi las repr\u00e9sentant(e)s des personnels \u00e9lus au conseil d&rsquo;\u00e9tablissement des \u00e9tablissements partenaires de la Zone (ou son suppl\u00e9ant) <\/li><\/ul>\n\n\n\n<p><strong>Membres d\u00e9sign\u00e9s par le pr\u00e9sident de la CAAF: <\/strong><\/p>\n\n\n\n<ul class=\"wp-block-list\"><li>Le repr\u00e9sentant r\u00e9gional de la Mlf pour les zones d&rsquo;Afrique Australe et Orientale, Am\u00e9rique du Nord, Europe lb\u00e9rique, Europe du Sud Est, Maroc, Moyen Orient et Proche Orient, d\u00e9sign\u00e9 par la Mlf <\/li><li>Un proviseur adjoint de la zone sur proposition de I&rsquo;IA-IPR r\u00e9f\u00e9rent(e) de la zone <\/li><li>Un(e) directeur (trice) du primaire de la zone sur proposition de I\u2019IEN de la zone <\/li><\/ul>\n","protected":false},"excerpt":{"rendered":"<p>Elabore et valide l&rsquo;ensemble du projet de la zone et le transmet &agrave; l&rsquo;agence pour avis: Il valide et met<\/p>\n","protected":false},"author":2,"featured_media":0,"comment_status":"closed","ping_status":"closed","sticky":false,"template":"","format":"standard","meta":{"_exactmetrics_skip_tracking":false,"_exactmetrics_sitenote_active":false,"_exactmetrics_sitenote_note":"","_exactmetrics_sitenote_category":0,"footnotes":""},"categories":[1],"tags":[],"class_list":["post-13888","post","type-post","status-publish","format-standard","hentry","category-non-classe"],"_links":{"self":[{"href":"https:\/\/www.ert.tn\/pmf\/wp-json\/wp\/v2\/posts\/13888","targetHints":{"allow":["GET"]}}],"collection":[{"href":"https:\/\/www.ert.tn\/pmf\/wp-json\/wp\/v2\/posts"}],"about":[{"href":"https:\/\/www.ert.tn\/pmf\/wp-json\/wp\/v2\/types\/post"}],"author":[{"embeddable":true,"href":"https:\/\/www.ert.tn\/pmf\/wp-json\/wp\/v2\/users\/2"}],"replies":[{"embeddable":true,"href":"https:\/\/www.ert.tn\/pmf\/wp-json\/wp\/v2\/comments?post=13888"}],"version-history":[{"count":1,"href":"https:\/\/www.ert.tn\/pmf\/wp-json\/wp\/v2\/posts\/13888\/revisions"}],"predecessor-version":[{"id":13889,"href":"https:\/\/www.ert.tn\/pmf\/wp-json\/wp\/v2\/posts\/13888\/revisions\/13889"}],"wp:attachment":[{"href":"https:\/\/www.ert.tn\/pmf\/wp-json\/wp\/v2\/media?parent=13888"}],"wp:term":[{"taxonomy":"category","embeddable":true,"href":"https:\/\/www.ert.tn\/pmf\/wp-json\/wp\/v2\/categories?post=13888"},{"taxonomy":"post_tag","embeddable":true,"href":"https:\/\/www.ert.tn\/pmf\/wp-json\/wp\/v2\/tags?post=13888"}],"curies":[{"name":"wp","href":"https:\/\/api.w.org\/{rel}","templated":true}]}}