{"id":14324,"date":"2022-11-23T10:07:32","date_gmt":"2022-11-23T09:07:32","guid":{"rendered":"http:\/\/www.ert.tn\/pmf\/?p=14324"},"modified":"2022-11-23T10:07:34","modified_gmt":"2022-11-23T09:07:34","slug":"troisieme-edition-du-salon-virtuel-dorientation-agora-monde-aefe-studyrama-etudier-en-france-1er-et-2-decembre","status":"publish","type":"post","link":"https:\/\/www.ert.tn\/pmf\/2022\/11\/23\/troisieme-edition-du-salon-virtuel-dorientation-agora-monde-aefe-studyrama-etudier-en-france-1er-et-2-decembre\/","title":{"rendered":"Troisi\u00e8me \u00e9dition du Salon Virtuel d\u2019Orientation AGORA Monde AEFE \/\/ Studyrama &#8211; \u201c\u00c9tudier en France\u201d,  1er et 2 d\u00e9cembre"},"content":{"rendered":"\n<div style=\"text-align: center;\"><iframe loading=\"lazy\" width=\"560\" height=\"315\" src=\"https:\/\/www.youtube.com\/embed\/QyCp4wYRGQM\" title=\"YouTube video player\" frameborder=\"0\" allow=\"accelerometer; autoplay; clipboard-write; encrypted-media; gyroscope; picture-in-picture\" allowfullscreen><\/iframe><\/div>\n\n\n\n<p>&#x1f5d3;&#xfe0f; Jeudi 1er et vendredi 2 d\u00e9cembre 2022<\/p>\n\n\n\n<p>&#x1f4bb; Sur inscription, en ligne<\/p>\n\n\n\n<p>&#x1f514; Les 1er et 2 d\u00e9cembre 2022 se tiendra le Salon Virtuel d\u2019Orientation des lyc\u00e9es fran\u00e7ais du monde organis\u00e9 par AGORA Monde et l\u2019AEFE en collaboration avec Studyrama.<\/p>\n\n\n\n<p><a rel=\"noreferrer noopener\" aria-label=\"Inscrivez-vous ! (s\u2019ouvre dans un nouvel onglet)\" href=\"https:\/\/www.studyrama.com\/salons\/inscription?type=salon&amp;produit_id=3825\" target=\"_blank\">Inscrivez-vous !<\/a><\/p>\n\n\n\n<p>Ces deux journ\u00e9es d\u00e9di\u00e9es \u00e0 la construction du parcours d\u2019orientation sont l\u2019occasion pour les \u00e9l\u00e8ves et leurs familles d\u2019acc\u00e9der \u00e0 toutes les informations relatives aux \u00e9tudes sup\u00e9rieures en France.<\/p>\n\n\n\n<p>Cette ann\u00e9e, le salon se d\u00e9roule durant la Semaine des lyc\u00e9es fran\u00e7ais du monde ayant lieu entre le 28 novembre et le 3 d\u00e9cembre 2022. Cette semaine a pour objectif de promouvoir les atouts et valeurs de l\u2019enseignement fran\u00e7ais \u00e0 l\u2019\u00e9tranger avec comme th\u00e9matique \u201cS\u2019informer dans un monde connect\u00e9 pour former des citoyens \u00e9clair\u00e9s\u201d.&nbsp;<\/p>\n\n\n\n<p>&#x27a1;&#xfe0f; Le Salon Virtuel d\u2019Orientation est un moment cl\u00e9 dans la construction du projet d\u2019orientation des \u00e9l\u00e8ves. Il permet de les accompagner en les mettant en lien avec des \u00e9tablissements d\u2019\u00e9tudes sup\u00e9rieures en France, des professionnel(le)s de l\u2019orientation ainsi que des ancien(ne)s \u00e9l\u00e8ves. Ils pourront ainsi poser toutes leurs questions et obtenir de nombreux conseils et informations quant aux \u00e9tudes et \u00e0 la vie \u00e9tudiante en France.&nbsp;<\/p>\n\n\n\n<p>&#x1f449; Au programme :&nbsp;<\/p>\n\n\n\n<p>&#x1f539; Diverses formations seront pr\u00e9sent\u00e9es aux lyc\u00e9en(ne)s dans de multiples domaines d\u2019\u00e9tudes tels que le marketing, le droit, la communication, l\u2019h\u00f4tellerie, le cin\u00e9ma, etc.<\/p>\n\n\n\n<p>&#x1f539; + de 20 conf\u00e9rences sur des th\u00e9matiques orientation et vie \u00e9tudiante vari\u00e9es : ing\u00e9nierie, enseignements de sp\u00e9cialit\u00e9, \u00e9tudes de sant\u00e9, architecture, proc\u00e9dure Parcoursup, pr\u00e9paration de l\u2019arriv\u00e9e en France , etc.<\/p>\n\n\n\n<p>&#x1f539; De nombreux(ses) intervenant(e)s sp\u00e9cialis\u00e9(e)s en orientation et des ancien(ne)s \u00e9l\u00e8ves seront \u00e0 l\u2019\u00e9coute et disponibles pour accompagner les futur(e)s \u00e9tudiant(e)s et leurs familles.&nbsp;<\/p>\n\n\n\n<div class=\"wp-block-file\"><a href=\"https:\/\/www.ert.tn\/pmf\/wp-content\/uploads\/2022\/11\/Programme-Salon-AGORA-Monde-AEFE-__-Studyrama-2022-2023-1.pdf\" target=\"_blank\" rel=\"noreferrer noopener\">D\u00e9couvrez le programme des conf\u00e9rences 2022-2023<\/a><a href=\"https:\/\/www.ert.tn\/pmf\/wp-content\/uploads\/2022\/11\/Programme-Salon-AGORA-Monde-AEFE-__-Studyrama-2022-2023-1.pdf\" class=\"wp-block-file__button\" download>T\u00e9l\u00e9charger<\/a><\/div>\n\n\n\n<p>&#x1f44b; Lyc\u00e9en(e)s, parents d\u2019\u00e9l\u00e8ves et enseignants o\u00f9 que vous soyez dans le monde : inscrivez-vous et connectez-vous les 1er et 2 d\u00e9cembre afin d\u2019obtenir les r\u00e9ponses \u00e0 vos interrogations et vous renseigner sur les \u00e9tudes en France !<\/p>\n","protected":false},"excerpt":{"rendered":"<p>&#128467;&#65039; Jeudi 1er et vendredi 2 d&eacute;cembre 2022 &#128187; Sur inscription, en ligne &#128276; Les 1er et 2 d&eacute;cembre 2022<\/p>\n","protected":false},"author":2,"featured_media":14329,"comment_status":"closed","ping_status":"closed","sticky":false,"template":"","format":"standard","meta":{"_exactmetrics_skip_tracking":false,"_exactmetrics_sitenote_active":false,"_exactmetrics_sitenote_note":"","_exactmetrics_sitenote_category":0,"footnotes":""},"categories":[244,195,245,173],"tags":[],"class_list":["post-14324","post","type-post","status-publish","format-standard","has-post-thumbnail","hentry","category-actions-orientation","category-actualites-de-pmf","category-agora","category-orientation"],"_links":{"self":[{"href":"https:\/\/www.ert.tn\/pmf\/wp-json\/wp\/v2\/posts\/14324","targetHints":{"allow":["GET"]}}],"collection":[{"href":"https:\/\/www.ert.tn\/pmf\/wp-json\/wp\/v2\/posts"}],"about":[{"href":"https:\/\/www.ert.tn\/pmf\/wp-json\/wp\/v2\/types\/post"}],"author":[{"embeddable":true,"href":"https:\/\/www.ert.tn\/pmf\/wp-json\/wp\/v2\/users\/2"}],"replies":[{"embeddable":true,"href":"https:\/\/www.ert.tn\/pmf\/wp-json\/wp\/v2\/comments?post=14324"}],"version-history":[{"count":3,"href":"https:\/\/www.ert.tn\/pmf\/wp-json\/wp\/v2\/posts\/14324\/revisions"}],"predecessor-version":[{"id":14330,"href":"https:\/\/www.ert.tn\/pmf\/wp-json\/wp\/v2\/posts\/14324\/revisions\/14330"}],"wp:featuredmedia":[{"embeddable":true,"href":"https:\/\/www.ert.tn\/pmf\/wp-json\/wp\/v2\/media\/14329"}],"wp:attachment":[{"href":"https:\/\/www.ert.tn\/pmf\/wp-json\/wp\/v2\/media?parent=14324"}],"wp:term":[{"taxonomy":"category","embeddable":true,"href":"https:\/\/www.ert.tn\/pmf\/wp-json\/wp\/v2\/categories?post=14324"},{"taxonomy":"post_tag","embeddable":true,"href":"https:\/\/www.ert.tn\/pmf\/wp-json\/wp\/v2\/tags?post=14324"}],"curies":[{"name":"wp","href":"https:\/\/api.w.org\/{rel}","templated":true}]}}