{"id":14724,"date":"2023-01-13T14:29:08","date_gmt":"2023-01-13T13:29:08","guid":{"rendered":"http:\/\/www.ert.tn\/pmf\/?p=14724"},"modified":"2023-01-13T14:29:10","modified_gmt":"2023-01-13T13:29:10","slug":"colloque-raison-et-revelation","status":"publish","type":"post","link":"https:\/\/www.ert.tn\/pmf\/2023\/01\/13\/colloque-raison-et-revelation\/","title":{"rendered":"Colloque Raison et R\u00e9v\u00e9lation"},"content":{"rendered":"\n<p>Le lyc\u00e9e Pierre Mend\u00e8s France de Tunis organise <strong>le 31 janvier et le 02 f\u00e9vrier 2023<\/strong> un <strong>colloque \u00ab\u00a0Raison et R\u00e9v\u00e9lation\u00a0\u00bb<\/strong> en pr\u00e9sence de plusieurs conf\u00e9renciers: <\/p>\n\n\n\n<ul class=\"wp-block-list\"><li><strong>M. Emmanuel JARDIN,<\/strong> Professeur en philosophie dans l\u2019acad\u00e9mie de Toulouse et enseignant formateur, pour une intervention intitul\u00e9e <strong>\u00ab Socrate, un \u2018\u2018fid\u00e8le m\u00e9cr\u00e9ant\u2019\u2019, \u00e0 partir d&rsquo;un texte de l&rsquo;<\/strong><em><strong>Apologie deSocrate<\/strong><\/em><strong> de Platon \u00bb<\/strong><\/li><li><strong>M. Maxime THIVOL<\/strong>, Professeur en philosophie au lyc\u00e9e P.M.F. de Tunis, pour une intervention intitul\u00e9e <strong>\u00ab Raison et r\u00e9v\u00e9lation : l\u2019ambigu\u00eft\u00e9 pascalienne \u00bb<\/strong><\/li><li><strong>M. Moulay Badreddine JAOUIK<\/strong>, Docteur en philosophie (L&rsquo;Islam et les Lumi\u00e8res fran\u00e7aises 1624 &#8211; 1789), professeur dans le secondaire et \u00e0 l&rsquo;universit\u00e9 de Rouen, pour une intervention intitul\u00e9e <strong>\u00ab Diderot et l&rsquo;islam: le triomphe de la raison et le refus de la r\u00e9v\u00e9lation islamique ou comment dire autrement les positions de l&rsquo;orthodoxie chr\u00e9tienne sur l&rsquo;islam \u00bb<\/strong><\/li><li><strong>Mme Halima OUANADA<\/strong>, Professeure de litt\u00e9rature fran\u00e7aise \u00e0 l\u2019Universit\u00e9 de Tunis El Manar et \u00e0 l\u2019Ecole Normale Sup\u00e9rieure de Tunis, Pr\u00e9sidente de l\u2019Association Tunisienne des Etudes sur les Lumi\u00e8res (ATEL) pour une intervention intitul\u00e9e <strong>\u00ab Le d\u00e9isme d\u2019Averro\u00e8s \u00e0 Voltaire \u00bb<\/strong><\/li><\/ul>\n\n\n\n<p><strong><em>Pr\u00e9sentation g\u00e9n\u00e9rale du colloque: <\/em><\/strong><\/p>\n\n\n\n<p>Pour le dire bri\u00e8vement, le but de ce s\u00e9minaire organis\u00e9 sur deux apr\u00e8s-midi au lyc\u00e9e P.M.F. est de penser le rapport que la raison humaine entretient avec la R\u00e9v\u00e9lation, \u00e0 partir et au-del\u00e0 de la pens\u00e9e d\u2019Averro\u00e8s, abord\u00e9e en classe \u00e0 travers le Discours d\u00e9cisif, et qui est une m\u00e9ditation fine et fondatrice de ce rationalisme andalou dont l\u2019influence sur la pens\u00e9e m\u00e9di\u00e9vale occidentale et sur les Lumi\u00e8res fran\u00e7aises est ici discut\u00e9e. Nous nous proposons \u00e9galement d\u2019interroger plus fondamentalement le rapport que la philosophie a pu entretenir avec la v\u00e9rit\u00e9 r\u00e9v\u00e9l\u00e9e, et ceci dans diff\u00e9rentes pens\u00e9es qui suivent un ordre chronologique, et dont nous esp\u00e9rons d\u00e9gager une certaine polyphonie.<\/p>\n\n\n\n<p><em><strong>Si vous souhaitez assister au colloque, nous vous remercions d&rsquo;envoyer un mail \u00e0 M. Thivol: maxime.thivol@ert.tn<\/strong><\/em><\/p>\n","protected":false},"excerpt":{"rendered":"<p>Le lyc&eacute;e Pierre Mend&egrave;s France de Tunis organise le 31 janvier et le 02 f&eacute;vrier 2023 un colloque &laquo;&nbsp;Raison et<\/p>\n","protected":false},"author":2,"featured_media":14725,"comment_status":"closed","ping_status":"closed","sticky":false,"template":"","format":"standard","meta":{"_exactmetrics_skip_tracking":false,"_exactmetrics_sitenote_active":false,"_exactmetrics_sitenote_note":"","_exactmetrics_sitenote_category":0,"footnotes":""},"categories":[195,188],"tags":[],"class_list":["post-14724","post","type-post","status-publish","format-standard","has-post-thumbnail","hentry","category-actualites-de-pmf","category-philosophie"],"_links":{"self":[{"href":"https:\/\/www.ert.tn\/pmf\/wp-json\/wp\/v2\/posts\/14724","targetHints":{"allow":["GET"]}}],"collection":[{"href":"https:\/\/www.ert.tn\/pmf\/wp-json\/wp\/v2\/posts"}],"about":[{"href":"https:\/\/www.ert.tn\/pmf\/wp-json\/wp\/v2\/types\/post"}],"author":[{"embeddable":true,"href":"https:\/\/www.ert.tn\/pmf\/wp-json\/wp\/v2\/users\/2"}],"replies":[{"embeddable":true,"href":"https:\/\/www.ert.tn\/pmf\/wp-json\/wp\/v2\/comments?post=14724"}],"version-history":[{"count":1,"href":"https:\/\/www.ert.tn\/pmf\/wp-json\/wp\/v2\/posts\/14724\/revisions"}],"predecessor-version":[{"id":14726,"href":"https:\/\/www.ert.tn\/pmf\/wp-json\/wp\/v2\/posts\/14724\/revisions\/14726"}],"wp:featuredmedia":[{"embeddable":true,"href":"https:\/\/www.ert.tn\/pmf\/wp-json\/wp\/v2\/media\/14725"}],"wp:attachment":[{"href":"https:\/\/www.ert.tn\/pmf\/wp-json\/wp\/v2\/media?parent=14724"}],"wp:term":[{"taxonomy":"category","embeddable":true,"href":"https:\/\/www.ert.tn\/pmf\/wp-json\/wp\/v2\/categories?post=14724"},{"taxonomy":"post_tag","embeddable":true,"href":"https:\/\/www.ert.tn\/pmf\/wp-json\/wp\/v2\/tags?post=14724"}],"curies":[{"name":"wp","href":"https:\/\/api.w.org\/{rel}","templated":true}]}}