{"id":15402,"date":"2023-04-07T09:29:07","date_gmt":"2023-04-07T07:29:07","guid":{"rendered":"http:\/\/www.ert.tn\/pmf\/?p=15402"},"modified":"2023-04-07T09:29:08","modified_gmt":"2023-04-07T07:29:08","slug":"sortie-des-eco-delegues-a-makthar-et-rencontre-avec-lotfi-hamadi-fondateur-de-wallah-we-can","status":"publish","type":"post","link":"https:\/\/www.ert.tn\/pmf\/2023\/04\/07\/sortie-des-eco-delegues-a-makthar-et-rencontre-avec-lotfi-hamadi-fondateur-de-wallah-we-can\/","title":{"rendered":"Sortie des \u00e9co-d\u00e9l\u00e9gu\u00e9s \u00e0 Makthar et rencontre avec Lotfi Hamadi, fondateur de Wallah We Can"},"content":{"rendered":"\n<p>En ce samedi 18 mars ensoleill\u00e9 du mois de mars, les <strong>\u00e9co-d\u00e9l\u00e9gu\u00e9.e.s<\/strong> et les ambassadrices de <strong>Wallah We Can \u00e0 PMF<\/strong> ont pris la route direction le gouvernorat de Siliana, plus pr\u00e9cis\u00e9ment dans la ville de <strong>Makthar<\/strong> au nord-ouest de la Tunisie. Ce n\u2019\u00e9tait pas seulement pour profiter de la beaut\u00e9 du site arch\u00e9ologique de la ville mais \u00e9galement et surtout pour <strong>rencontrer Lotfi Hamadi, le fondateur de Wallah We Can<\/strong>. Cette organisation non gouvernementale se consacre \u00e0 la <strong>protection des droits de l&rsquo;enfant en Tunisie depuis 2012<\/strong>. Au cours des 10 derni\u00e8res ann\u00e9es, l&rsquo;ONG a transform\u00e9 un coll\u00e8ge insalubre en une entreprise sociale et solidaire pour am\u00e9liorer les conditions de vie et d&rsquo;apprentissage des \u00e9l\u00e8ves de mani\u00e8re globale.<\/p>\n\n\n\n<p><strong>Notre visite s&rsquo;est av\u00e9r\u00e9e tr\u00e8s enrichissante et inspirante pour nos projets actuels et futurs<\/strong>. En effet, le coll\u00e8ge de Makthar a atteint l&rsquo;autosuffisance en termes d&rsquo;\u00e9nergie et de nourriture. Cette autonomie est refl\u00e9t\u00e9e dans l&rsquo;association elle-m\u00eame, qui est enti\u00e8rement autofinanc\u00e9e. Pour produire de la nourriture, le coll\u00e8ge loue plusieurs hectares de terrain, permettant m\u00eame aux parents des \u00e9l\u00e8ves de cultiver et de vendre des fruits et l\u00e9gumes. Au cours de notre visite, <strong>nous avons \u00e9galement rencontr\u00e9 le personnel enseignant, le parent d&rsquo;\u00e9l\u00e8ve agriculteur responsable de la production agricole et certains animateurs des clubs<\/strong> auxquels les \u00e9l\u00e8ves peuvent aller l&rsquo;apr\u00e8s-midi. Parmi eux, des anciens \u00e9l\u00e8ves qui tiennent aujourd\u2019hui des clubs soutenus par l&rsquo;association et rendus possible gr\u00e2ce aux b\u00e9n\u00e9fices g\u00e9n\u00e9r\u00e9s par celle-ci. Les clubs offrent aux \u00e9l\u00e8ves non seulement un moyen de se d\u00e9tendre, mais aussi, pour certains, l&rsquo;opportunit\u00e9 de d\u00e9velopper des comp\u00e9tences tr\u00e8s pris\u00e9es aujourd&rsquo;hui. Par exemple, le <strong>club Plaidoyer<\/strong> sensibilise et mobilise les \u00e9l\u00e8ves sur la question de la d\u00e9scolarisation, tandis que le <strong>club de robotique<\/strong> les initie aux plaisirs du codage.\u00a0<\/p>\n\n\n\n<div class=\"wp-block-image\"><figure class=\"aligncenter\"><img loading=\"lazy\" decoding=\"async\" width=\"397\" height=\"412\" src=\"http:\/\/www.ert.tn\/pmf\/wp-content\/uploads\/2023\/04\/makhtar1.jpg\" alt=\"\" class=\"wp-image-15404\" srcset=\"https:\/\/www.ert.tn\/pmf\/wp-content\/uploads\/2023\/04\/makhtar1.jpg 397w, https:\/\/www.ert.tn\/pmf\/wp-content\/uploads\/2023\/04\/makhtar1-289x300.jpg 289w\" sizes=\"auto, (max-width: 397px) 100vw, 397px\" \/><\/figure><\/div>\n\n\n\n<p>Dans l\u2019ensemble, <strong>nous nous sommes retrouv\u00e9s admiratifs face au pragmatisme de M. Hamadi<\/strong>, adepte des solutions sur le long terme, si bien que nous en sommes venu.e.s \u00e0 nous rappeler de cette citation de Confucius qui dit : \u201cQuand un homme a faim, mieux vaut lui apprendre \u00e0 p\u00eacher que de lui donner un poisson\u201d.\u00a0<\/p>\n\n\n\n<p>Pour terminer, voici tout de m\u00eame quelques impressions de nos membres sur cette sortie !\u00a0<\/p>\n\n\n\n<p>Mme Jordi, professeure de SVT, confie s\u2019\u00eatre retrouv\u00e9e admirative \u00e0 l\u2019\u00e9gard de l\u2019ambition et de la pers\u00e9v\u00e9rance de M. Hamadi, un aspect que Mme Gaiji, professeure de physique chimie trouve motivant ! Quant aux \u00e9l\u00e8ves \u00e9co-d\u00e9l\u00e9gu\u00e9s, ils se sont retrouv\u00e9s admiratifs face \u00e0 l\u2019autonomie de l\u2019\u00e9cole, ils sont plus que jamais motiv\u00e9s pour s&rsquo;inspirer de l\u2019autosuffisance de l\u2019\u00e9cole et l\u2019appliquer \u00e0 PMF !\u00a0<\/p>\n\n\n\n<div class=\"wp-block-image\"><figure class=\"aligncenter\"><img loading=\"lazy\" decoding=\"async\" width=\"397\" height=\"398\" src=\"http:\/\/www.ert.tn\/pmf\/wp-content\/uploads\/2023\/04\/makhtar2.jpg\" alt=\"\" class=\"wp-image-15403\" srcset=\"https:\/\/www.ert.tn\/pmf\/wp-content\/uploads\/2023\/04\/makhtar2.jpg 397w, https:\/\/www.ert.tn\/pmf\/wp-content\/uploads\/2023\/04\/makhtar2-150x150.jpg 150w, https:\/\/www.ert.tn\/pmf\/wp-content\/uploads\/2023\/04\/makhtar2-300x300.jpg 300w\" sizes=\"auto, (max-width: 397px) 100vw, 397px\" \/><\/figure><\/div>\n\n\n\n<p>En voyant les images touchantes de l\u2019\u00e9tat o\u00f9 en \u00e9tait l\u2019\u00e9cole avant 2012 et maintenant nous a donn\u00e9 la preuve que tout est possible et <strong>qu\u2019\u00eatre \u201c\u00e9colo\u201d n\u2019est pas un d\u00e9fi si difficile, que ce n\u2019est pas impossible<\/strong>. Car apr\u00e8s tout, qu\u2019est-ce qui nous emp\u00eache de faire la m\u00eame chose \u00e0 part nous-m\u00eames ?\u00a0<\/p>\n\n\n\n<p>Cette <strong>sortie remplie de rire et d\u2019\u00e9motion mais \u00e9ducative<\/strong> nous a permis d\u2019avoir une meilleure id\u00e9e de ce qui se faisait en dehors de notre \u00e9cole et en dehors du grand Tunis. Sans oublier que nous sommes all\u00e9s visiter le site arch\u00e9ologique romain de Makthar o\u00f9 nous avons fait un pique-nique avant de reprendre la route.<\/p>\n\n\n\n<p>A la prochaine !<\/p>\n\n\n\n<p><em>Vos \u00e9co-d\u00e9l\u00e9gu\u00e9.e.s<\/em><br><\/p>\n","protected":false},"excerpt":{"rendered":"<p>En ce samedi 18 mars ensoleill&eacute; du mois de mars, les &eacute;co-d&eacute;l&eacute;gu&eacute;.e.s et les ambassadrices de Wallah We Can &agrave;<\/p>\n","protected":false},"author":2,"featured_media":15405,"comment_status":"closed","ping_status":"closed","sticky":false,"template":"","format":"standard","meta":{"_exactmetrics_skip_tracking":false,"_exactmetrics_sitenote_active":false,"_exactmetrics_sitenote_note":"","_exactmetrics_sitenote_category":0,"footnotes":""},"categories":[195,265],"tags":[],"class_list":["post-15402","post","type-post","status-publish","format-standard","has-post-thumbnail","hentry","category-actualites-de-pmf","category-eco-delegues"],"_links":{"self":[{"href":"https:\/\/www.ert.tn\/pmf\/wp-json\/wp\/v2\/posts\/15402","targetHints":{"allow":["GET"]}}],"collection":[{"href":"https:\/\/www.ert.tn\/pmf\/wp-json\/wp\/v2\/posts"}],"about":[{"href":"https:\/\/www.ert.tn\/pmf\/wp-json\/wp\/v2\/types\/post"}],"author":[{"embeddable":true,"href":"https:\/\/www.ert.tn\/pmf\/wp-json\/wp\/v2\/users\/2"}],"replies":[{"embeddable":true,"href":"https:\/\/www.ert.tn\/pmf\/wp-json\/wp\/v2\/comments?post=15402"}],"version-history":[{"count":1,"href":"https:\/\/www.ert.tn\/pmf\/wp-json\/wp\/v2\/posts\/15402\/revisions"}],"predecessor-version":[{"id":15406,"href":"https:\/\/www.ert.tn\/pmf\/wp-json\/wp\/v2\/posts\/15402\/revisions\/15406"}],"wp:featuredmedia":[{"embeddable":true,"href":"https:\/\/www.ert.tn\/pmf\/wp-json\/wp\/v2\/media\/15405"}],"wp:attachment":[{"href":"https:\/\/www.ert.tn\/pmf\/wp-json\/wp\/v2\/media?parent=15402"}],"wp:term":[{"taxonomy":"category","embeddable":true,"href":"https:\/\/www.ert.tn\/pmf\/wp-json\/wp\/v2\/categories?post=15402"},{"taxonomy":"post_tag","embeddable":true,"href":"https:\/\/www.ert.tn\/pmf\/wp-json\/wp\/v2\/tags?post=15402"}],"curies":[{"name":"wp","href":"https:\/\/api.w.org\/{rel}","templated":true}]}}