{"id":15407,"date":"2023-04-07T09:56:40","date_gmt":"2023-04-07T07:56:40","guid":{"rendered":"http:\/\/www.ert.tn\/pmf\/?p=15407"},"modified":"2023-04-07T09:56:42","modified_gmt":"2023-04-07T07:56:42","slug":"prix-de-laction-eco-deleguee-2023","status":"publish","type":"post","link":"https:\/\/www.ert.tn\/pmf\/2023\/04\/07\/prix-de-laction-eco-deleguee-2023\/","title":{"rendered":"Prix de l&rsquo;action \u00e9co-d\u00e9l\u00e9gu\u00e9e 2023"},"content":{"rendered":"\n<p>L\u2019ERT participe cette ann\u00e9e au <strong>Prix de l\u2019action \u00e9co-d\u00e9l\u00e9gu\u00e9e<\/strong> en soumettant <strong>2 vid\u00e9os qui pr\u00e9sentent des actions <\/strong>dans lesquelles se sont engag\u00e9.e.s les \u00e9co-d\u00e9l\u00e9gu\u00e9.e.s lors de 2 ateliers qui fonctionnent \u00e0 PMF entre 12h et 14h.<\/p>\n\n\n\n<ul class=\"wp-block-list\"><li>L\u2019atelier du vendredi 12h-13h avec les <strong>CM2<\/strong> propose leur projet de <strong>\u00ab r\u00e9utilisation des d\u00e9chets plastiques de l\u2019ERT \u00bb<\/strong>. Noor Baly, Youssef Khouadja, Moussa Ben Yaghlane, Violette Sofia Marcos sont encadr\u00e9.e.s par Mme Presles et Mme Arnaud.<\/li><\/ul>\n\n\n\n<div style=\"text-align: center;\"><iframe loading=\"lazy\" width=\"560\" height=\"315\" src=\"https:\/\/www.youtube.com\/embed\/eHLnD7v4nCA\" title=\"YouTube video player\" frameborder=\"0\" allow=\"accelerometer; autoplay; clipboard-write; encrypted-media; gyroscope; picture-in-picture; web-share\" allowfullscreen><\/iframe><\/div>\n\n\n\n<ul class=\"wp-block-list\"><li> L\u2019atelier du lundi de 13h \u00e0 14h avec des <strong>coll\u00e9giens et des lyc\u00e9ens<\/strong> propose leur projet <strong>\u00ab z\u00e9ro plastique jetable \u00e0 la cantine \u00bb<\/strong>. Sandra Abidi, Elyes Hamza, Selima Mokrani sont encadr\u00e9.e.s par Mme Gaiji et Mme Manoubi <\/li><\/ul>\n\n\n\n<div style=\"text-align: center;\"><iframe loading=\"lazy\" width=\"560\" height=\"315\" src=\"https:\/\/www.youtube.com\/embed\/Npvkmb5wbS4\" title=\"YouTube video player\" frameborder=\"0\" allow=\"accelerometer; autoplay; clipboard-write; encrypted-media; gyroscope; picture-in-picture; web-share\" allowfullscreen><\/iframe><\/div>\n\n\n\n<p><strong>Bravo \u00e0 toutes et tous pour votre engagement et votre pers\u00e9v\u00e9rance !! On vous donne RDV au mois de juin pour conna\u00eetre l\u2019action \u00e9co-d\u00e9l\u00e9gu\u00e9e prim\u00e9e !<\/strong><\/p>\n\n\n\n<p>Pour en savoir plus sur le prix de l\u2019action \u00e9co-d\u00e9l\u00e9gu\u00e9e: <a href=\"https:\/\/www.education.gouv.fr\/prix-de-l- action-eco-deleguee-de-l-annee-307360\" target=\"_blank\" rel=\"noreferrer noopener\" aria-label=\"https:\/\/www.education.gouv.fr\/prix-de-l- action-eco-deleguee-de-l-annee-307360 (s\u2019ouvre dans un nouvel onglet)\">https:\/\/www.education.gouv.fr\/prix-de-l- action-eco-deleguee-de-l-annee-307360<\/a><\/p>\n","protected":false},"excerpt":{"rendered":"<p>L&rsquo;ERT participe cette ann&eacute;e au Prix de l&rsquo;action &eacute;co-d&eacute;l&eacute;gu&eacute;e en soumettant 2 vid&eacute;os qui pr&eacute;sentent des actions dans lesquelles se<\/p>\n","protected":false},"author":2,"featured_media":15408,"comment_status":"closed","ping_status":"closed","sticky":false,"template":"","format":"standard","meta":{"_exactmetrics_skip_tracking":false,"_exactmetrics_sitenote_active":false,"_exactmetrics_sitenote_note":"","_exactmetrics_sitenote_category":0,"footnotes":""},"categories":[195,265],"tags":[],"class_list":["post-15407","post","type-post","status-publish","format-standard","has-post-thumbnail","hentry","category-actualites-de-pmf","category-eco-delegues"],"_links":{"self":[{"href":"https:\/\/www.ert.tn\/pmf\/wp-json\/wp\/v2\/posts\/15407","targetHints":{"allow":["GET"]}}],"collection":[{"href":"https:\/\/www.ert.tn\/pmf\/wp-json\/wp\/v2\/posts"}],"about":[{"href":"https:\/\/www.ert.tn\/pmf\/wp-json\/wp\/v2\/types\/post"}],"author":[{"embeddable":true,"href":"https:\/\/www.ert.tn\/pmf\/wp-json\/wp\/v2\/users\/2"}],"replies":[{"embeddable":true,"href":"https:\/\/www.ert.tn\/pmf\/wp-json\/wp\/v2\/comments?post=15407"}],"version-history":[{"count":1,"href":"https:\/\/www.ert.tn\/pmf\/wp-json\/wp\/v2\/posts\/15407\/revisions"}],"predecessor-version":[{"id":15409,"href":"https:\/\/www.ert.tn\/pmf\/wp-json\/wp\/v2\/posts\/15407\/revisions\/15409"}],"wp:featuredmedia":[{"embeddable":true,"href":"https:\/\/www.ert.tn\/pmf\/wp-json\/wp\/v2\/media\/15408"}],"wp:attachment":[{"href":"https:\/\/www.ert.tn\/pmf\/wp-json\/wp\/v2\/media?parent=15407"}],"wp:term":[{"taxonomy":"category","embeddable":true,"href":"https:\/\/www.ert.tn\/pmf\/wp-json\/wp\/v2\/categories?post=15407"},{"taxonomy":"post_tag","embeddable":true,"href":"https:\/\/www.ert.tn\/pmf\/wp-json\/wp\/v2\/tags?post=15407"}],"curies":[{"name":"wp","href":"https:\/\/api.w.org\/{rel}","templated":true}]}}