{"id":15796,"date":"2023-05-29T14:18:28","date_gmt":"2023-05-29T12:18:28","guid":{"rendered":"http:\/\/www.ert.tn\/pmf\/?p=15796"},"modified":"2023-05-29T14:18:30","modified_gmt":"2023-05-29T12:18:30","slug":"la-mise-en-place-des-drapeaux-en-vue-du-memorial-day","status":"publish","type":"post","link":"https:\/\/www.ert.tn\/pmf\/2023\/05\/29\/la-mise-en-place-des-drapeaux-en-vue-du-memorial-day\/","title":{"rendered":"La mise en place des drapeaux en vue du Memorial Day"},"content":{"rendered":"\n<p>Juste avant le week-end du <strong>Memorial Day<\/strong>, la communaut\u00e9 am\u00e9ricaine r\u00e9sidant en Tunisie rend hommage aux h\u00e9ros am\u00e9ricains tomb\u00e9s au combat en pla\u00e7ant des drapeaux am\u00e9ricains et tunisiens sur les tombes des militaires enterr\u00e9s au cimeti\u00e8re militaire am\u00e9ricain de Carthage.<\/p>\n\n\n\n<p>Cette tradition, connue sous le nom de <strong>\u00ab\u00a0Flags In\u00a0on graves \u00bb<\/strong> (\u00ab\u00a0Drapeaux en place sur les tombes\u00a0\u00bb), a lieu chaque ann\u00e9e, tous les soldats disponibles ainsi que les citoyens \u00e9tasuniens et leur famille sont convi\u00e9s \u00e0 venir placer de petits drapeaux am\u00e9ricains et tunisiens devant les pierres tombales.<br>Chaque drapeau est enfonc\u00e9 dans le sol, \u00e0 exactement une longueur de botte de la base de la pierre tombale.<br>Le cimeti\u00e8re de Carthage, le <strong>seul cimeti\u00e8re am\u00e9ricain en Afrique du Nord<\/strong>, inaugur\u00e9 en 1960, contient 2 841 morts am\u00e9ricains et s&rsquo;\u00e9tend sur 11 hectares.<br><strong>Le groupe \u00ab\u00a0M\u00e9moire des Sables\u00a0\u00bb a \u00e9t\u00e9 convi\u00e9 \u00e0 participer \u00e0 cette c\u00e9r\u00e9monie le dimanche 28 mai 2023.<\/strong><\/p>\n\n\n<style type=\"text\/css\">\r\n\t#foogallery-gallery-15798 .fg-image {\r\n        width: 150px;\r\n    }\r\n<\/style>\r\n\t\t\t\t<div class=\"foogallery foogallery-container foogallery-default foogallery-lightbox-foobox fg-gutter-10 fg-center fg-default fg-light fg-border-thin fg-shadow-outline fg-loading-default fg-loaded-fade-in fg-caption-hover fg-hover-fade fg-hover-zoom fg-ready\" id=\"foogallery-gallery-15798\" data-foogallery=\"{&quot;item&quot;:{&quot;showCaptionTitle&quot;:true,&quot;showCaptionDescription&quot;:true},&quot;lazy&quot;:true}\" >\r\n\t<div class=\"fg-item fg-type-image fg-idle\"><figure class=\"fg-item-inner\"><a href=\"https:\/\/www.ert.tn\/pmf\/wp-content\/uploads\/2023\/05\/2023-diamanche-28-mai-Cimeti\u00e8re-am\u00e9ricain-de-Carthage-Flag-Placement-11.jpg\" data-attachment-id=\"15799\" data-type=\"image\" class=\"fg-thumb\" data-rel=\"lightbox-image-0\" data-rl_title=\"\" data-rl_caption=\"\" title=\"\"><span class=\"fg-image-wrap\"><img decoding=\"async\" width=\"150\" height=\"150\" class=\"skip-lazy fg-image\" data-src-fg=\"https:\/\/www.ert.tn\/pmf\/wp-content\/uploads\/cache\/2023\/05\/2023-diamanche-28-mai-Cimeti\u00e8re-am\u00e9ricain-de-Carthage-Flag-Placement-11\/381671299.jpg\" src=\"data:image\/svg+xml,%3Csvg%20xmlns%3D%22http%3A%2F%2Fwww.w3.org%2F2000%2Fsvg%22%20width%3D%22150%22%20height%3D%22150%22%20viewBox%3D%220%200%20150%20150%22%3E%3C%2Fsvg%3E\" loading=\"eager\"><\/span><span class=\"fg-image-overlay\"><\/span><\/a><figcaption class=\"fg-caption\"><div class=\"fg-caption-inner\"><\/div><\/figcaption><\/figure><div class=\"fg-loader\"><\/div><\/div><div class=\"fg-item fg-type-image fg-idle\"><figure class=\"fg-item-inner\"><a href=\"https:\/\/www.ert.tn\/pmf\/wp-content\/uploads\/2023\/05\/2023-diamanche-28-mai-Cimeti\u00e8re-am\u00e9ricain-de-Carthage-Flag-Placement-12.jpg\" data-attachment-id=\"15800\" data-type=\"image\" class=\"fg-thumb\" data-rel=\"lightbox-image-1\" data-rl_title=\"\" data-rl_caption=\"\" title=\"\"><span class=\"fg-image-wrap\"><img decoding=\"async\" width=\"150\" height=\"150\" class=\"skip-lazy fg-image\" data-src-fg=\"https:\/\/www.ert.tn\/pmf\/wp-content\/uploads\/cache\/2023\/05\/2023-diamanche-28-mai-Cimeti\u00e8re-am\u00e9ricain-de-Carthage-Flag-Placement-12\/3841652895.jpg\" src=\"data:image\/svg+xml,%3Csvg%20xmlns%3D%22http%3A%2F%2Fwww.w3.org%2F2000%2Fsvg%22%20width%3D%22150%22%20height%3D%22150%22%20viewBox%3D%220%200%20150%20150%22%3E%3C%2Fsvg%3E\" loading=\"eager\"><\/span><span class=\"fg-image-overlay\"><\/span><\/a><figcaption class=\"fg-caption\"><div class=\"fg-caption-inner\"><\/div><\/figcaption><\/figure><div class=\"fg-loader\"><\/div><\/div><div class=\"fg-item fg-type-image fg-idle\"><figure class=\"fg-item-inner\"><a href=\"https:\/\/www.ert.tn\/pmf\/wp-content\/uploads\/2023\/05\/2023-diamanche-28-mai-Cimeti\u00e8re-am\u00e9ricain-de-Carthage-Flag-Placement-13.jpg\" data-attachment-id=\"15801\" data-type=\"image\" class=\"fg-thumb\" data-rel=\"lightbox-image-2\" data-rl_title=\"\" data-rl_caption=\"\" title=\"\"><span class=\"fg-image-wrap\"><img decoding=\"async\" width=\"150\" height=\"150\" class=\"skip-lazy fg-image\" data-src-fg=\"https:\/\/www.ert.tn\/pmf\/wp-content\/uploads\/cache\/2023\/05\/2023-diamanche-28-mai-Cimeti\u00e8re-am\u00e9ricain-de-Carthage-Flag-Placement-13\/389268618.jpg\" src=\"data:image\/svg+xml,%3Csvg%20xmlns%3D%22http%3A%2F%2Fwww.w3.org%2F2000%2Fsvg%22%20width%3D%22150%22%20height%3D%22150%22%20viewBox%3D%220%200%20150%20150%22%3E%3C%2Fsvg%3E\" loading=\"eager\"><\/span><span class=\"fg-image-overlay\"><\/span><\/a><figcaption class=\"fg-caption\"><div class=\"fg-caption-inner\"><\/div><\/figcaption><\/figure><div class=\"fg-loader\"><\/div><\/div><div class=\"fg-item fg-type-image fg-idle\"><figure class=\"fg-item-inner\"><a href=\"https:\/\/www.ert.tn\/pmf\/wp-content\/uploads\/2023\/05\/2023-diamanche-28-mai-Cimeti\u00e8re-am\u00e9ricain-de-Carthage-Flag-Placement-14.jpg\" data-attachment-id=\"15802\" data-type=\"image\" class=\"fg-thumb\" data-rel=\"lightbox-image-3\" data-rl_title=\"\" data-rl_caption=\"\" title=\"\"><span class=\"fg-image-wrap\"><img decoding=\"async\" width=\"150\" height=\"150\" class=\"skip-lazy fg-image\" data-src-fg=\"https:\/\/www.ert.tn\/pmf\/wp-content\/uploads\/cache\/2023\/05\/2023-diamanche-28-mai-Cimeti\u00e8re-am\u00e9ricain-de-Carthage-Flag-Placement-14\/1548978190.jpg\" src=\"data:image\/svg+xml,%3Csvg%20xmlns%3D%22http%3A%2F%2Fwww.w3.org%2F2000%2Fsvg%22%20width%3D%22150%22%20height%3D%22150%22%20viewBox%3D%220%200%20150%20150%22%3E%3C%2Fsvg%3E\" loading=\"eager\"><\/span><span class=\"fg-image-overlay\"><\/span><\/a><figcaption class=\"fg-caption\"><div class=\"fg-caption-inner\"><\/div><\/figcaption><\/figure><div class=\"fg-loader\"><\/div><\/div><div class=\"fg-item fg-type-image fg-idle\"><figure class=\"fg-item-inner\"><a href=\"https:\/\/www.ert.tn\/pmf\/wp-content\/uploads\/2023\/05\/2023-diamanche-28-mai-Cimeti\u00e8re-am\u00e9ricain-de-Carthage-Flag-Placement-16.jpg\" data-attachment-id=\"15803\" data-type=\"image\" class=\"fg-thumb\" data-rel=\"lightbox-image-4\" data-rl_title=\"\" data-rl_caption=\"\" title=\"\"><span class=\"fg-image-wrap\"><img decoding=\"async\" width=\"150\" height=\"150\" class=\"skip-lazy fg-image\" data-src-fg=\"https:\/\/www.ert.tn\/pmf\/wp-content\/uploads\/cache\/2023\/05\/2023-diamanche-28-mai-Cimeti\u00e8re-am\u00e9ricain-de-Carthage-Flag-Placement-16\/555070456.jpg\" src=\"data:image\/svg+xml,%3Csvg%20xmlns%3D%22http%3A%2F%2Fwww.w3.org%2F2000%2Fsvg%22%20width%3D%22150%22%20height%3D%22150%22%20viewBox%3D%220%200%20150%20150%22%3E%3C%2Fsvg%3E\" loading=\"eager\"><\/span><span class=\"fg-image-overlay\"><\/span><\/a><figcaption class=\"fg-caption\"><div class=\"fg-caption-inner\"><\/div><\/figcaption><\/figure><div class=\"fg-loader\"><\/div><\/div><div class=\"fg-item fg-type-image fg-idle\"><figure class=\"fg-item-inner\"><a href=\"https:\/\/www.ert.tn\/pmf\/wp-content\/uploads\/2023\/05\/2023-diamanche-28-mai-Cimeti\u00e8re-am\u00e9ricain-de-Carthage-Flag-Placement-17.jpg\" data-attachment-id=\"15804\" data-type=\"image\" class=\"fg-thumb\" data-rel=\"lightbox-image-5\" data-rl_title=\"\" data-rl_caption=\"\" title=\"\"><span class=\"fg-image-wrap\"><img decoding=\"async\" width=\"150\" height=\"150\" class=\"skip-lazy fg-image\" data-src-fg=\"https:\/\/www.ert.tn\/pmf\/wp-content\/uploads\/cache\/2023\/05\/2023-diamanche-28-mai-Cimeti\u00e8re-am\u00e9ricain-de-Carthage-Flag-Placement-17\/1368786135.jpg\" src=\"data:image\/svg+xml,%3Csvg%20xmlns%3D%22http%3A%2F%2Fwww.w3.org%2F2000%2Fsvg%22%20width%3D%22150%22%20height%3D%22150%22%20viewBox%3D%220%200%20150%20150%22%3E%3C%2Fsvg%3E\" loading=\"eager\"><\/span><span class=\"fg-image-overlay\"><\/span><\/a><figcaption class=\"fg-caption\"><div class=\"fg-caption-inner\"><\/div><\/figcaption><\/figure><div class=\"fg-loader\"><\/div><\/div><div class=\"fg-item fg-type-image fg-idle\"><figure class=\"fg-item-inner\"><a href=\"https:\/\/www.ert.tn\/pmf\/wp-content\/uploads\/2023\/05\/2023-diamanche-28-mai-Cimeti\u00e8re-am\u00e9ricain-de-Carthage-Flag-Placement-01.jpg\" data-attachment-id=\"15805\" data-type=\"image\" class=\"fg-thumb\" data-rel=\"lightbox-image-6\" data-rl_title=\"\" data-rl_caption=\"\" title=\"\"><span class=\"fg-image-wrap\"><img decoding=\"async\" width=\"150\" height=\"150\" class=\"skip-lazy fg-image\" data-src-fg=\"https:\/\/www.ert.tn\/pmf\/wp-content\/uploads\/cache\/2023\/05\/2023-diamanche-28-mai-Cimeti\u00e8re-am\u00e9ricain-de-Carthage-Flag-Placement-01\/3219203480.jpg\" src=\"data:image\/svg+xml,%3Csvg%20xmlns%3D%22http%3A%2F%2Fwww.w3.org%2F2000%2Fsvg%22%20width%3D%22150%22%20height%3D%22150%22%20viewBox%3D%220%200%20150%20150%22%3E%3C%2Fsvg%3E\" loading=\"eager\"><\/span><span class=\"fg-image-overlay\"><\/span><\/a><figcaption class=\"fg-caption\"><div class=\"fg-caption-inner\"><\/div><\/figcaption><\/figure><div class=\"fg-loader\"><\/div><\/div><div class=\"fg-item fg-type-image fg-idle\"><figure class=\"fg-item-inner\"><a href=\"https:\/\/www.ert.tn\/pmf\/wp-content\/uploads\/2023\/05\/2023-diamanche-28-mai-Cimeti\u00e8re-am\u00e9ricain-de-Carthage-Flag-Placement-1.jpg\" data-attachment-id=\"15806\" data-type=\"image\" class=\"fg-thumb\" data-rel=\"lightbox-image-7\" data-rl_title=\"\" data-rl_caption=\"\" title=\"\"><span class=\"fg-image-wrap\"><img decoding=\"async\" width=\"150\" height=\"150\" class=\"skip-lazy fg-image\" data-src-fg=\"https:\/\/www.ert.tn\/pmf\/wp-content\/uploads\/cache\/2023\/05\/2023-diamanche-28-mai-Cimeti\u00e8re-am\u00e9ricain-de-Carthage-Flag-Placement-1\/1455947245.jpg\" src=\"data:image\/svg+xml,%3Csvg%20xmlns%3D%22http%3A%2F%2Fwww.w3.org%2F2000%2Fsvg%22%20width%3D%22150%22%20height%3D%22150%22%20viewBox%3D%220%200%20150%20150%22%3E%3C%2Fsvg%3E\" loading=\"eager\"><\/span><span class=\"fg-image-overlay\"><\/span><\/a><figcaption class=\"fg-caption\"><div class=\"fg-caption-inner\"><\/div><\/figcaption><\/figure><div class=\"fg-loader\"><\/div><\/div><div class=\"fg-item fg-type-image fg-idle\"><figure class=\"fg-item-inner\"><a href=\"https:\/\/www.ert.tn\/pmf\/wp-content\/uploads\/2023\/05\/2023-diamanche-28-mai-Cimeti\u00e8re-am\u00e9ricain-de-Carthage-Flag-Placement-2.jpg\" data-attachment-id=\"15807\" data-type=\"image\" class=\"fg-thumb\" data-rel=\"lightbox-image-8\" data-rl_title=\"\" data-rl_caption=\"\" title=\"\"><span class=\"fg-image-wrap\"><img decoding=\"async\" width=\"150\" height=\"150\" class=\"skip-lazy fg-image\" data-src-fg=\"https:\/\/www.ert.tn\/pmf\/wp-content\/uploads\/cache\/2023\/05\/2023-diamanche-28-mai-Cimeti\u00e8re-am\u00e9ricain-de-Carthage-Flag-Placement-2\/242396328.jpg\" src=\"data:image\/svg+xml,%3Csvg%20xmlns%3D%22http%3A%2F%2Fwww.w3.org%2F2000%2Fsvg%22%20width%3D%22150%22%20height%3D%22150%22%20viewBox%3D%220%200%20150%20150%22%3E%3C%2Fsvg%3E\" loading=\"eager\"><\/span><span class=\"fg-image-overlay\"><\/span><\/a><figcaption class=\"fg-caption\"><div class=\"fg-caption-inner\"><\/div><\/figcaption><\/figure><div class=\"fg-loader\"><\/div><\/div><div class=\"fg-item fg-type-image fg-idle\"><figure class=\"fg-item-inner\"><a href=\"https:\/\/www.ert.tn\/pmf\/wp-content\/uploads\/2023\/05\/2023-diamanche-28-mai-Cimeti\u00e8re-am\u00e9ricain-de-Carthage-Flag-Placement-3.jpg\" data-attachment-id=\"15808\" data-type=\"image\" class=\"fg-thumb\" data-rel=\"lightbox-image-9\" data-rl_title=\"\" data-rl_caption=\"\" title=\"\"><span class=\"fg-image-wrap\"><img decoding=\"async\" width=\"150\" height=\"150\" class=\"skip-lazy fg-image\" data-src-fg=\"https:\/\/www.ert.tn\/pmf\/wp-content\/uploads\/cache\/2023\/05\/2023-diamanche-28-mai-Cimeti\u00e8re-am\u00e9ricain-de-Carthage-Flag-Placement-3\/2324409842.jpg\" src=\"data:image\/svg+xml,%3Csvg%20xmlns%3D%22http%3A%2F%2Fwww.w3.org%2F2000%2Fsvg%22%20width%3D%22150%22%20height%3D%22150%22%20viewBox%3D%220%200%20150%20150%22%3E%3C%2Fsvg%3E\" loading=\"eager\"><\/span><span class=\"fg-image-overlay\"><\/span><\/a><figcaption class=\"fg-caption\"><div class=\"fg-caption-inner\"><\/div><\/figcaption><\/figure><div class=\"fg-loader\"><\/div><\/div><div class=\"fg-item fg-type-image fg-idle\"><figure class=\"fg-item-inner\"><a href=\"https:\/\/www.ert.tn\/pmf\/wp-content\/uploads\/2023\/05\/2023-diamanche-28-mai-Cimeti\u00e8re-am\u00e9ricain-de-Carthage-Flag-Placement-4.jpg\" data-attachment-id=\"15809\" data-type=\"image\" class=\"fg-thumb\" data-rel=\"lightbox-image-10\" data-rl_title=\"\" data-rl_caption=\"\" title=\"\"><span class=\"fg-image-wrap\"><img decoding=\"async\" width=\"150\" height=\"150\" class=\"skip-lazy fg-image\" data-src-fg=\"https:\/\/www.ert.tn\/pmf\/wp-content\/uploads\/cache\/2023\/05\/2023-diamanche-28-mai-Cimeti\u00e8re-am\u00e9ricain-de-Carthage-Flag-Placement-4\/1450504781.jpg\" src=\"data:image\/svg+xml,%3Csvg%20xmlns%3D%22http%3A%2F%2Fwww.w3.org%2F2000%2Fsvg%22%20width%3D%22150%22%20height%3D%22150%22%20viewBox%3D%220%200%20150%20150%22%3E%3C%2Fsvg%3E\" loading=\"eager\"><\/span><span class=\"fg-image-overlay\"><\/span><\/a><figcaption class=\"fg-caption\"><div class=\"fg-caption-inner\"><\/div><\/figcaption><\/figure><div class=\"fg-loader\"><\/div><\/div><div class=\"fg-item fg-type-image fg-idle\"><figure class=\"fg-item-inner\"><a href=\"https:\/\/www.ert.tn\/pmf\/wp-content\/uploads\/2023\/05\/2023-diamanche-28-mai-Cimeti\u00e8re-am\u00e9ricain-de-Carthage-Flag-Placement-5.jpg\" data-attachment-id=\"15810\" data-type=\"image\" class=\"fg-thumb\" data-rel=\"lightbox-image-11\" data-rl_title=\"\" data-rl_caption=\"\" title=\"\"><span class=\"fg-image-wrap\"><img decoding=\"async\" width=\"150\" height=\"150\" class=\"skip-lazy fg-image\" data-src-fg=\"https:\/\/www.ert.tn\/pmf\/wp-content\/uploads\/cache\/2023\/05\/2023-diamanche-28-mai-Cimeti\u00e8re-am\u00e9ricain-de-Carthage-Flag-Placement-5\/1960850059.jpg\" src=\"data:image\/svg+xml,%3Csvg%20xmlns%3D%22http%3A%2F%2Fwww.w3.org%2F2000%2Fsvg%22%20width%3D%22150%22%20height%3D%22150%22%20viewBox%3D%220%200%20150%20150%22%3E%3C%2Fsvg%3E\" loading=\"eager\"><\/span><span class=\"fg-image-overlay\"><\/span><\/a><figcaption class=\"fg-caption\"><div class=\"fg-caption-inner\"><\/div><\/figcaption><\/figure><div class=\"fg-loader\"><\/div><\/div><div class=\"fg-item fg-type-image fg-idle\"><figure class=\"fg-item-inner\"><a href=\"https:\/\/www.ert.tn\/pmf\/wp-content\/uploads\/2023\/05\/2023-diamanche-28-mai-Cimeti\u00e8re-am\u00e9ricain-de-Carthage-Flag-Placement-6.jpg\" data-attachment-id=\"15811\" data-type=\"image\" class=\"fg-thumb\" data-rel=\"lightbox-image-12\" data-rl_title=\"\" data-rl_caption=\"\" title=\"\"><span class=\"fg-image-wrap\"><img decoding=\"async\" width=\"150\" height=\"150\" class=\"skip-lazy fg-image\" data-src-fg=\"https:\/\/www.ert.tn\/pmf\/wp-content\/uploads\/cache\/2023\/05\/2023-diamanche-28-mai-Cimeti\u00e8re-am\u00e9ricain-de-Carthage-Flag-Placement-6\/743793614.jpg\" src=\"data:image\/svg+xml,%3Csvg%20xmlns%3D%22http%3A%2F%2Fwww.w3.org%2F2000%2Fsvg%22%20width%3D%22150%22%20height%3D%22150%22%20viewBox%3D%220%200%20150%20150%22%3E%3C%2Fsvg%3E\" loading=\"eager\"><\/span><span class=\"fg-image-overlay\"><\/span><\/a><figcaption class=\"fg-caption\"><div class=\"fg-caption-inner\"><\/div><\/figcaption><\/figure><div class=\"fg-loader\"><\/div><\/div><div class=\"fg-item fg-type-image fg-idle\"><figure class=\"fg-item-inner\"><a href=\"https:\/\/www.ert.tn\/pmf\/wp-content\/uploads\/2023\/05\/2023-diamanche-28-mai-Cimeti\u00e8re-am\u00e9ricain-de-Carthage-Flag-Placement-7.jpg\" data-attachment-id=\"15812\" data-type=\"image\" class=\"fg-thumb\" data-rel=\"lightbox-image-13\" data-rl_title=\"\" data-rl_caption=\"\" title=\"\"><span class=\"fg-image-wrap\"><img decoding=\"async\" width=\"150\" height=\"150\" class=\"skip-lazy fg-image\" data-src-fg=\"https:\/\/www.ert.tn\/pmf\/wp-content\/uploads\/cache\/2023\/05\/2023-diamanche-28-mai-Cimeti\u00e8re-am\u00e9ricain-de-Carthage-Flag-Placement-7\/1103142651.jpg\" src=\"data:image\/svg+xml,%3Csvg%20xmlns%3D%22http%3A%2F%2Fwww.w3.org%2F2000%2Fsvg%22%20width%3D%22150%22%20height%3D%22150%22%20viewBox%3D%220%200%20150%20150%22%3E%3C%2Fsvg%3E\" loading=\"eager\"><\/span><span class=\"fg-image-overlay\"><\/span><\/a><figcaption class=\"fg-caption\"><div class=\"fg-caption-inner\"><\/div><\/figcaption><\/figure><div class=\"fg-loader\"><\/div><\/div><div class=\"fg-item fg-type-image fg-idle\"><figure class=\"fg-item-inner\"><a href=\"https:\/\/www.ert.tn\/pmf\/wp-content\/uploads\/2023\/05\/2023-diamanche-28-mai-Cimeti\u00e8re-am\u00e9ricain-de-Carthage-Flag-Placement-8.jpg\" data-attachment-id=\"15813\" data-type=\"image\" class=\"fg-thumb\" data-rel=\"lightbox-image-14\" data-rl_title=\"\" data-rl_caption=\"\" title=\"\"><span class=\"fg-image-wrap\"><img decoding=\"async\" width=\"150\" height=\"150\" class=\"skip-lazy fg-image\" data-src-fg=\"https:\/\/www.ert.tn\/pmf\/wp-content\/uploads\/cache\/2023\/05\/2023-diamanche-28-mai-Cimeti\u00e8re-am\u00e9ricain-de-Carthage-Flag-Placement-8\/1322965745.jpg\" src=\"data:image\/svg+xml,%3Csvg%20xmlns%3D%22http%3A%2F%2Fwww.w3.org%2F2000%2Fsvg%22%20width%3D%22150%22%20height%3D%22150%22%20viewBox%3D%220%200%20150%20150%22%3E%3C%2Fsvg%3E\" loading=\"eager\"><\/span><span class=\"fg-image-overlay\"><\/span><\/a><figcaption class=\"fg-caption\"><div class=\"fg-caption-inner\"><\/div><\/figcaption><\/figure><div class=\"fg-loader\"><\/div><\/div><div class=\"fg-item fg-type-image fg-idle\"><figure class=\"fg-item-inner\"><a href=\"https:\/\/www.ert.tn\/pmf\/wp-content\/uploads\/2023\/05\/2023-diamanche-28-mai-Cimeti\u00e8re-am\u00e9ricain-de-Carthage-Flag-Placement-9.jpg\" data-attachment-id=\"15814\" data-type=\"image\" class=\"fg-thumb\" data-rel=\"lightbox-image-15\" data-rl_title=\"\" data-rl_caption=\"\" title=\"\"><span class=\"fg-image-wrap\"><img decoding=\"async\" width=\"150\" height=\"150\" class=\"skip-lazy fg-image\" data-src-fg=\"https:\/\/www.ert.tn\/pmf\/wp-content\/uploads\/cache\/2023\/05\/2023-diamanche-28-mai-Cimeti\u00e8re-am\u00e9ricain-de-Carthage-Flag-Placement-9\/3443814878.jpg\" src=\"data:image\/svg+xml,%3Csvg%20xmlns%3D%22http%3A%2F%2Fwww.w3.org%2F2000%2Fsvg%22%20width%3D%22150%22%20height%3D%22150%22%20viewBox%3D%220%200%20150%20150%22%3E%3C%2Fsvg%3E\" loading=\"eager\"><\/span><span class=\"fg-image-overlay\"><\/span><\/a><figcaption class=\"fg-caption\"><div class=\"fg-caption-inner\"><\/div><\/figcaption><\/figure><div class=\"fg-loader\"><\/div><\/div><div class=\"fg-item fg-type-image fg-idle\"><figure class=\"fg-item-inner\"><a href=\"https:\/\/www.ert.tn\/pmf\/wp-content\/uploads\/2023\/05\/2023-diamanche-28-mai-Cimeti\u00e8re-am\u00e9ricain-de-Carthage-Flag-Placement-10.jpg\" data-attachment-id=\"15815\" data-type=\"image\" class=\"fg-thumb\" data-rel=\"lightbox-image-16\" data-rl_title=\"\" data-rl_caption=\"\" title=\"\"><span class=\"fg-image-wrap\"><img decoding=\"async\" width=\"150\" height=\"150\" class=\"skip-lazy fg-image\" data-src-fg=\"https:\/\/www.ert.tn\/pmf\/wp-content\/uploads\/cache\/2023\/05\/2023-diamanche-28-mai-Cimeti\u00e8re-am\u00e9ricain-de-Carthage-Flag-Placement-10\/509937873.jpg\" src=\"data:image\/svg+xml,%3Csvg%20xmlns%3D%22http%3A%2F%2Fwww.w3.org%2F2000%2Fsvg%22%20width%3D%22150%22%20height%3D%22150%22%20viewBox%3D%220%200%20150%20150%22%3E%3C%2Fsvg%3E\" loading=\"eager\"><\/span><span class=\"fg-image-overlay\"><\/span><\/a><figcaption class=\"fg-caption\"><div class=\"fg-caption-inner\"><\/div><\/figcaption><\/figure><div class=\"fg-loader\"><\/div><\/div><\/div>\r\n\n","protected":false},"excerpt":{"rendered":"<p>Juste avant le week-end du Memorial Day, la communaut&eacute; am&eacute;ricaine r&eacute;sidant en Tunisie rend hommage aux h&eacute;ros am&eacute;ricains tomb&eacute;s au<\/p>\n","protected":false},"author":2,"featured_media":15816,"comment_status":"closed","ping_status":"closed","sticky":false,"template":"","format":"standard","meta":{"_exactmetrics_skip_tracking":false,"_exactmetrics_sitenote_active":false,"_exactmetrics_sitenote_note":"","_exactmetrics_sitenote_category":0,"footnotes":""},"categories":[195,239],"tags":[],"class_list":["post-15796","post","type-post","status-publish","format-standard","has-post-thumbnail","hentry","category-actualites-de-pmf","category-la-tunisie-et-la-grande-guerre"],"_links":{"self":[{"href":"https:\/\/www.ert.tn\/pmf\/wp-json\/wp\/v2\/posts\/15796","targetHints":{"allow":["GET"]}}],"collection":[{"href":"https:\/\/www.ert.tn\/pmf\/wp-json\/wp\/v2\/posts"}],"about":[{"href":"https:\/\/www.ert.tn\/pmf\/wp-json\/wp\/v2\/types\/post"}],"author":[{"embeddable":true,"href":"https:\/\/www.ert.tn\/pmf\/wp-json\/wp\/v2\/users\/2"}],"replies":[{"embeddable":true,"href":"https:\/\/www.ert.tn\/pmf\/wp-json\/wp\/v2\/comments?post=15796"}],"version-history":[{"count":2,"href":"https:\/\/www.ert.tn\/pmf\/wp-json\/wp\/v2\/posts\/15796\/revisions"}],"predecessor-version":[{"id":15817,"href":"https:\/\/www.ert.tn\/pmf\/wp-json\/wp\/v2\/posts\/15796\/revisions\/15817"}],"wp:featuredmedia":[{"embeddable":true,"href":"https:\/\/www.ert.tn\/pmf\/wp-json\/wp\/v2\/media\/15816"}],"wp:attachment":[{"href":"https:\/\/www.ert.tn\/pmf\/wp-json\/wp\/v2\/media?parent=15796"}],"wp:term":[{"taxonomy":"category","embeddable":true,"href":"https:\/\/www.ert.tn\/pmf\/wp-json\/wp\/v2\/categories?post=15796"},{"taxonomy":"post_tag","embeddable":true,"href":"https:\/\/www.ert.tn\/pmf\/wp-json\/wp\/v2\/tags?post=15796"}],"curies":[{"name":"wp","href":"https:\/\/api.w.org\/{rel}","templated":true}]}}