{"id":16402,"date":"2023-11-21T14:39:58","date_gmt":"2023-11-21T13:39:58","guid":{"rendered":"http:\/\/www.ert.tn\/pmf\/?p=16402"},"modified":"2023-11-21T16:02:40","modified_gmt":"2023-11-21T15:02:40","slug":"orientation-conference-cnes","status":"publish","type":"post","link":"https:\/\/www.ert.tn\/pmf\/2023\/11\/21\/orientation-conference-cnes\/","title":{"rendered":"Orientation &#8211; Conf\u00e9rence CNES"},"content":{"rendered":"\n<p>Notre \u00e9tablissement est au premier plan concernant les activit\u00e9s dans le domaine de l&rsquo;Astronomie, et notre club \u00ab\u00a0Horizon Astronomy\u00a0\u00bb, pilot\u00e9 par M. BOUHLEL et Mme Lasram, est s\u00e9lectionn\u00e9 cette ann\u00e9e pour participer \u00e0 des <a rel=\"noreferrer noopener\" aria-label=\"exp\u00e9riences \u00e0 l'invitation du Centre national d'Etudes spatiales (s\u2019ouvre dans un nouvel onglet)\" href=\"https:\/\/www.ert.tn\/pmf\/2023\/07\/07\/le-club-astronomie-de-pmf-en-apesanteur\/\" target=\"_blank\">exp\u00e9riences \u00e0 l&rsquo;invitation du Centre national d&rsquo;Etudes spatiales<\/a> (CNES). Une premi\u00e8re dans le r\u00e9seau AEFE !&nbsp;<\/p>\n\n\n\n<p>Dans le cadre de ce partenariat, nous avons le plaisir d&rsquo;accueillir dans l&rsquo;\u00e9tablissement ce&nbsp;<strong>lundi 27 novembre<\/strong>, <strong>Madame Ang\u00e9lique GAUDEL, charg\u00e9e des projets scolaires au CNES<\/strong>.<\/p>\n\n\n\n<p><strong>Nous proposons aux parents et aux \u00e9l\u00e8ves (de la Seconde \u00e0 la Terminale) int\u00e9ress\u00e9s par les \u00e9tudes en A\u00e9ronautique\/A\u00e9rospatiale\/Astronomie de participer \u00e0 un \u00e9change avec elle de 18h \u00e0 19h30 en salle polyvalente.<\/strong><\/p>\n\n\n\n<p>M. BOUHLEL et M. FRIDHI, Conseiller d&rsquo;Orientation de l&rsquo;\u00e9tablissement, animeront cet \u00e9change autour de la poursuite d&rsquo;\u00e9tudes dans ce domaine tr\u00e8s pris\u00e9 par nos \u00e9l\u00e8ves. <\/p>\n\n\n\n<p>Nous vous y attendons nombreux (acc\u00e8s pour les parents par l&rsquo;entr\u00e9e coll\u00e8ge \u00e0 18h). <\/p>\n","protected":false},"excerpt":{"rendered":"<p>Notre &eacute;tablissement est au premier plan concernant les activit&eacute;s dans le domaine de l&rsquo;Astronomie, et notre club &laquo;&nbsp;Horizon Astronomy&nbsp;&raquo;, pilot&eacute;<\/p>\n","protected":false},"author":2,"featured_media":16403,"comment_status":"closed","ping_status":"closed","sticky":false,"template":"","format":"standard","meta":{"_exactmetrics_skip_tracking":false,"_exactmetrics_sitenote_active":false,"_exactmetrics_sitenote_note":"","_exactmetrics_sitenote_category":0,"footnotes":""},"categories":[244,195],"tags":[],"class_list":["post-16402","post","type-post","status-publish","format-standard","has-post-thumbnail","hentry","category-actions-orientation","category-actualites-de-pmf"],"_links":{"self":[{"href":"https:\/\/www.ert.tn\/pmf\/wp-json\/wp\/v2\/posts\/16402","targetHints":{"allow":["GET"]}}],"collection":[{"href":"https:\/\/www.ert.tn\/pmf\/wp-json\/wp\/v2\/posts"}],"about":[{"href":"https:\/\/www.ert.tn\/pmf\/wp-json\/wp\/v2\/types\/post"}],"author":[{"embeddable":true,"href":"https:\/\/www.ert.tn\/pmf\/wp-json\/wp\/v2\/users\/2"}],"replies":[{"embeddable":true,"href":"https:\/\/www.ert.tn\/pmf\/wp-json\/wp\/v2\/comments?post=16402"}],"version-history":[{"count":2,"href":"https:\/\/www.ert.tn\/pmf\/wp-json\/wp\/v2\/posts\/16402\/revisions"}],"predecessor-version":[{"id":16407,"href":"https:\/\/www.ert.tn\/pmf\/wp-json\/wp\/v2\/posts\/16402\/revisions\/16407"}],"wp:featuredmedia":[{"embeddable":true,"href":"https:\/\/www.ert.tn\/pmf\/wp-json\/wp\/v2\/media\/16403"}],"wp:attachment":[{"href":"https:\/\/www.ert.tn\/pmf\/wp-json\/wp\/v2\/media?parent=16402"}],"wp:term":[{"taxonomy":"category","embeddable":true,"href":"https:\/\/www.ert.tn\/pmf\/wp-json\/wp\/v2\/categories?post=16402"},{"taxonomy":"post_tag","embeddable":true,"href":"https:\/\/www.ert.tn\/pmf\/wp-json\/wp\/v2\/tags?post=16402"}],"curies":[{"name":"wp","href":"https:\/\/api.w.org\/{rel}","templated":true}]}}