{"id":17051,"date":"2024-02-23T13:54:58","date_gmt":"2024-02-23T12:54:58","guid":{"rendered":"http:\/\/www.ert.tn\/pmf\/?p=17051"},"modified":"2024-02-23T13:54:59","modified_gmt":"2024-02-23T12:54:59","slug":"festival-du-cinema-espagnol-et-latinoamericain","status":"publish","type":"post","link":"https:\/\/www.ert.tn\/pmf\/2024\/02\/23\/festival-du-cinema-espagnol-et-latinoamericain\/","title":{"rendered":"Festival du cin\u00e9ma espagnol et latinoam\u00e9ricain"},"content":{"rendered":"\n<p> La <strong>seconde \u00e9dition du festival de cin\u00e9ma en langue espagnole<\/strong> a eu lieu \u00e0 PMF du 19 au 23 f\u00e9vrier 2024.&nbsp; Les classes de la <strong>5\u00e8me&nbsp;\u00e0 la terminale<\/strong> ont eu l&rsquo;occasion d&rsquo;assister \u00e0 une projection dans l&rsquo;enceinte de l&rsquo;\u00e9tablissement en rapport avec les th\u00e9matiques travaill\u00e9es en classe.<\/p>\n\n\n\n<p>De la d\u00e9couverte de l&rsquo;Am\u00e9rique avec <strong>\u00ab\u00a0Tambi\u00e9n la lluvia\u00a0\u00bb<\/strong> jusqu&rsquo;\u00e0 la dictature argentine du g\u00e9n\u00e9ral\u00a0 Videla avec <strong>\u00ab\u00a0Argentina\u00a01984\u00a0\u00bb<\/strong> en passant par les traditions mexicaines autour de la mort avec <strong>\u00ab\u00a0Coco\u00a0\u00bb<\/strong>, c&rsquo;est un <strong>vaste panorama de la culture hispanophone<\/strong> que nos \u00e9l\u00e8ves auront pu appr\u00e9hender\u00a0au travers des ces diverses \u0153uvres cin\u00e9matographiques. <\/p>\n\n\n<style type=\"text\/css\">\r\n\t#foogallery-gallery-17053 .fg-image {\r\n        width: 150px;\r\n    }\r\n<\/style>\r\n\t\t\t\t<div class=\"foogallery foogallery-container foogallery-default foogallery-lightbox-foobox fg-gutter-10 fg-center fg-default fg-light fg-border-thin fg-shadow-outline fg-loading-default fg-loaded-fade-in fg-caption-hover fg-hover-fade fg-hover-zoom fg-ready\" id=\"foogallery-gallery-17053\" data-foogallery=\"{&quot;item&quot;:{&quot;showCaptionTitle&quot;:true,&quot;showCaptionDescription&quot;:true},&quot;lazy&quot;:true}\" >\r\n\t<div class=\"fg-item fg-type-image fg-idle\"><figure class=\"fg-item-inner\"><a href=\"https:\/\/www.ert.tn\/pmf\/wp-content\/uploads\/2024\/02\/Affiche-2024-bis.png\" data-attachment-id=\"17054\" data-type=\"image\" class=\"fg-thumb\" data-rel=\"lightbox-image-0\" data-rl_title=\"\" data-rl_caption=\"\" title=\"\"><span class=\"fg-image-wrap\"><img decoding=\"async\" width=\"150\" height=\"150\" class=\"skip-lazy fg-image\" data-src-fg=\"https:\/\/www.ert.tn\/pmf\/wp-content\/uploads\/cache\/2024\/02\/Affiche-2024-bis\/3583908804.png\" src=\"data:image\/svg+xml,%3Csvg%20xmlns%3D%22http%3A%2F%2Fwww.w3.org%2F2000%2Fsvg%22%20width%3D%22150%22%20height%3D%22150%22%20viewBox%3D%220%200%20150%20150%22%3E%3C%2Fsvg%3E\" loading=\"eager\"><\/span><span class=\"fg-image-overlay\"><\/span><\/a><figcaption class=\"fg-caption\"><div class=\"fg-caption-inner\"><\/div><\/figcaption><\/figure><div class=\"fg-loader\"><\/div><\/div><div class=\"fg-item fg-type-image fg-idle\"><figure class=\"fg-item-inner\"><a href=\"https:\/\/www.ert.tn\/pmf\/wp-content\/uploads\/2024\/02\/DSC_1058.jpg\" data-attachment-id=\"17055\" data-type=\"image\" class=\"fg-thumb\" data-rel=\"lightbox-image-1\" data-rl_title=\"\" data-rl_caption=\"\" title=\"\"><span class=\"fg-image-wrap\"><img decoding=\"async\" width=\"150\" height=\"150\" class=\"skip-lazy fg-image\" data-src-fg=\"https:\/\/www.ert.tn\/pmf\/wp-content\/uploads\/cache\/2024\/02\/DSC_1058\/3011386915.jpg\" src=\"data:image\/svg+xml,%3Csvg%20xmlns%3D%22http%3A%2F%2Fwww.w3.org%2F2000%2Fsvg%22%20width%3D%22150%22%20height%3D%22150%22%20viewBox%3D%220%200%20150%20150%22%3E%3C%2Fsvg%3E\" loading=\"eager\"><\/span><span class=\"fg-image-overlay\"><\/span><\/a><figcaption class=\"fg-caption\"><div class=\"fg-caption-inner\"><\/div><\/figcaption><\/figure><div class=\"fg-loader\"><\/div><\/div><div class=\"fg-item fg-type-image fg-idle\"><figure class=\"fg-item-inner\"><a href=\"https:\/\/www.ert.tn\/pmf\/wp-content\/uploads\/2024\/02\/DSC_1134.jpg\" data-attachment-id=\"17056\" data-type=\"image\" class=\"fg-thumb\" data-rel=\"lightbox-image-2\" data-rl_title=\"\" data-rl_caption=\"\" title=\"\"><span class=\"fg-image-wrap\"><img decoding=\"async\" width=\"150\" height=\"150\" class=\"skip-lazy fg-image\" data-src-fg=\"https:\/\/www.ert.tn\/pmf\/wp-content\/uploads\/cache\/2024\/02\/DSC_1134\/2618982313.jpg\" src=\"data:image\/svg+xml,%3Csvg%20xmlns%3D%22http%3A%2F%2Fwww.w3.org%2F2000%2Fsvg%22%20width%3D%22150%22%20height%3D%22150%22%20viewBox%3D%220%200%20150%20150%22%3E%3C%2Fsvg%3E\" loading=\"eager\"><\/span><span class=\"fg-image-overlay\"><\/span><\/a><figcaption class=\"fg-caption\"><div class=\"fg-caption-inner\"><\/div><\/figcaption><\/figure><div class=\"fg-loader\"><\/div><\/div><div class=\"fg-item fg-type-image fg-idle\"><figure class=\"fg-item-inner\"><a href=\"https:\/\/www.ert.tn\/pmf\/wp-content\/uploads\/2024\/02\/DSC_1137.jpg\" data-attachment-id=\"17057\" data-type=\"image\" class=\"fg-thumb\" data-rel=\"lightbox-image-3\" data-rl_title=\"\" data-rl_caption=\"\" title=\"\"><span class=\"fg-image-wrap\"><img decoding=\"async\" width=\"150\" height=\"150\" class=\"skip-lazy fg-image\" data-src-fg=\"https:\/\/www.ert.tn\/pmf\/wp-content\/uploads\/cache\/2024\/02\/DSC_1137\/4165687386.jpg\" src=\"data:image\/svg+xml,%3Csvg%20xmlns%3D%22http%3A%2F%2Fwww.w3.org%2F2000%2Fsvg%22%20width%3D%22150%22%20height%3D%22150%22%20viewBox%3D%220%200%20150%20150%22%3E%3C%2Fsvg%3E\" loading=\"eager\"><\/span><span class=\"fg-image-overlay\"><\/span><\/a><figcaption class=\"fg-caption\"><div class=\"fg-caption-inner\"><\/div><\/figcaption><\/figure><div class=\"fg-loader\"><\/div><\/div><div class=\"fg-item fg-type-image fg-idle\"><figure class=\"fg-item-inner\"><a href=\"https:\/\/www.ert.tn\/pmf\/wp-content\/uploads\/2024\/02\/DSC_1139.jpg\" data-attachment-id=\"17058\" data-type=\"image\" class=\"fg-thumb\" data-rel=\"lightbox-image-4\" data-rl_title=\"\" data-rl_caption=\"\" title=\"\"><span class=\"fg-image-wrap\"><img decoding=\"async\" width=\"150\" height=\"150\" class=\"skip-lazy fg-image\" data-src-fg=\"https:\/\/www.ert.tn\/pmf\/wp-content\/uploads\/cache\/2024\/02\/DSC_1139\/796768607.jpg\" src=\"data:image\/svg+xml,%3Csvg%20xmlns%3D%22http%3A%2F%2Fwww.w3.org%2F2000%2Fsvg%22%20width%3D%22150%22%20height%3D%22150%22%20viewBox%3D%220%200%20150%20150%22%3E%3C%2Fsvg%3E\" loading=\"eager\"><\/span><span class=\"fg-image-overlay\"><\/span><\/a><figcaption class=\"fg-caption\"><div class=\"fg-caption-inner\"><\/div><\/figcaption><\/figure><div class=\"fg-loader\"><\/div><\/div><div class=\"fg-item fg-type-image fg-idle\"><figure class=\"fg-item-inner\"><a href=\"https:\/\/www.ert.tn\/pmf\/wp-content\/uploads\/2024\/02\/20240220_081721.jpg\" data-attachment-id=\"17059\" data-type=\"image\" class=\"fg-thumb\" data-rel=\"lightbox-image-5\" data-rl_title=\"\" data-rl_caption=\"\" title=\"\"><span class=\"fg-image-wrap\"><img decoding=\"async\" width=\"150\" height=\"150\" class=\"skip-lazy fg-image\" data-src-fg=\"https:\/\/www.ert.tn\/pmf\/wp-content\/uploads\/cache\/2024\/02\/20240220_081721\/3661863895.jpg\" src=\"data:image\/svg+xml,%3Csvg%20xmlns%3D%22http%3A%2F%2Fwww.w3.org%2F2000%2Fsvg%22%20width%3D%22150%22%20height%3D%22150%22%20viewBox%3D%220%200%20150%20150%22%3E%3C%2Fsvg%3E\" loading=\"eager\"><\/span><span class=\"fg-image-overlay\"><\/span><\/a><figcaption class=\"fg-caption\"><div class=\"fg-caption-inner\"><\/div><\/figcaption><\/figure><div class=\"fg-loader\"><\/div><\/div><\/div>\r\n\n","protected":false},"excerpt":{"rendered":"<p>La seconde &eacute;dition du festival de cin&eacute;ma en langue espagnole a eu lieu &agrave; PMF du 19 au 23 f&eacute;vrier<\/p>\n","protected":false},"author":2,"featured_media":17061,"comment_status":"closed","ping_status":"closed","sticky":false,"template":"","format":"standard","meta":{"_exactmetrics_skip_tracking":false,"_exactmetrics_sitenote_active":false,"_exactmetrics_sitenote_note":"","_exactmetrics_sitenote_category":0,"footnotes":""},"categories":[195,180],"tags":[],"class_list":["post-17051","post","type-post","status-publish","format-standard","has-post-thumbnail","hentry","category-actualites-de-pmf","category-espagnol"],"_links":{"self":[{"href":"https:\/\/www.ert.tn\/pmf\/wp-json\/wp\/v2\/posts\/17051","targetHints":{"allow":["GET"]}}],"collection":[{"href":"https:\/\/www.ert.tn\/pmf\/wp-json\/wp\/v2\/posts"}],"about":[{"href":"https:\/\/www.ert.tn\/pmf\/wp-json\/wp\/v2\/types\/post"}],"author":[{"embeddable":true,"href":"https:\/\/www.ert.tn\/pmf\/wp-json\/wp\/v2\/users\/2"}],"replies":[{"embeddable":true,"href":"https:\/\/www.ert.tn\/pmf\/wp-json\/wp\/v2\/comments?post=17051"}],"version-history":[{"count":2,"href":"https:\/\/www.ert.tn\/pmf\/wp-json\/wp\/v2\/posts\/17051\/revisions"}],"predecessor-version":[{"id":17062,"href":"https:\/\/www.ert.tn\/pmf\/wp-json\/wp\/v2\/posts\/17051\/revisions\/17062"}],"wp:featuredmedia":[{"embeddable":true,"href":"https:\/\/www.ert.tn\/pmf\/wp-json\/wp\/v2\/media\/17061"}],"wp:attachment":[{"href":"https:\/\/www.ert.tn\/pmf\/wp-json\/wp\/v2\/media?parent=17051"}],"wp:term":[{"taxonomy":"category","embeddable":true,"href":"https:\/\/www.ert.tn\/pmf\/wp-json\/wp\/v2\/categories?post=17051"},{"taxonomy":"post_tag","embeddable":true,"href":"https:\/\/www.ert.tn\/pmf\/wp-json\/wp\/v2\/tags?post=17051"}],"curies":[{"name":"wp","href":"https:\/\/api.w.org\/{rel}","templated":true}]}}