{"id":17118,"date":"2024-03-18T09:09:47","date_gmt":"2024-03-18T08:09:47","guid":{"rendered":"http:\/\/www.ert.tn\/pmf\/?p=17118"},"modified":"2024-03-18T14:34:23","modified_gmt":"2024-03-18T13:34:23","slug":"voyage-selo-espagnol-secondes-et-premieres-a-madrid-du-17-au-22-mars","status":"publish","type":"post","link":"https:\/\/www.ert.tn\/pmf\/2024\/03\/18\/voyage-selo-espagnol-secondes-et-premieres-a-madrid-du-17-au-22-mars\/","title":{"rendered":"Voyage SELO ESPAGNOL Secondes et Premi\u00e8res \u00e0 Madrid &#8211; Du 17 au 22 mars"},"content":{"rendered":"\n<p>Nous sommes heureux de vous annoncer que&nbsp; les \u00e9l\u00e8ves de<strong><em>\nSeconde et Premi\u00e8re SELO<\/em><\/strong> ESPAGNOL partiront en voyage p\u00e9dagogique et\nlinguistique \u00e0 MADRID la semaine du 17 Mars.&nbsp;<\/p>\n\n\n\n<p>Nous vous invitons \u00e0 suivre leur s\u00e9jour riche de d\u00e9couvertes\net de rencontres \u00e0 travers le lien DIGIPAD qui contiendra toutes les\ninformations et activit\u00e9s pr\u00e9vues durant ce s\u00e9jour.<\/p>\n\n\n\n<p>Vous y trouverez \u00e9galement des photos ainsi que leurs\nimpressions au fur et \u00e0 mesure.<\/p>\n\n\n\n<p>! Hasta pronto!\u00a0\u00bb<\/p>\n\n\n\n<p><a href=\"https:\/\/digipad.app\/p\/686446\/b432164f8599\">VOYAGE\nSELO ESPAGNOL MADRID<\/a><\/p>\n\n\n\n<p><\/p>\n","protected":false},"excerpt":{"rendered":"<p>Nous sommes heureux de vous annoncer que&nbsp; les &eacute;l&egrave;ves de Seconde et Premi&egrave;re SELO ESPAGNOL partiront en voyage p&eacute;dagogique et<\/p>\n","protected":false},"author":5,"featured_media":17120,"comment_status":"closed","ping_status":"closed","sticky":false,"template":"","format":"standard","meta":{"_exactmetrics_skip_tracking":false,"_exactmetrics_sitenote_active":false,"_exactmetrics_sitenote_note":"","_exactmetrics_sitenote_category":0,"footnotes":""},"categories":[195],"tags":[],"class_list":["post-17118","post","type-post","status-publish","format-standard","has-post-thumbnail","hentry","category-actualites-de-pmf"],"_links":{"self":[{"href":"https:\/\/www.ert.tn\/pmf\/wp-json\/wp\/v2\/posts\/17118","targetHints":{"allow":["GET"]}}],"collection":[{"href":"https:\/\/www.ert.tn\/pmf\/wp-json\/wp\/v2\/posts"}],"about":[{"href":"https:\/\/www.ert.tn\/pmf\/wp-json\/wp\/v2\/types\/post"}],"author":[{"embeddable":true,"href":"https:\/\/www.ert.tn\/pmf\/wp-json\/wp\/v2\/users\/5"}],"replies":[{"embeddable":true,"href":"https:\/\/www.ert.tn\/pmf\/wp-json\/wp\/v2\/comments?post=17118"}],"version-history":[{"count":1,"href":"https:\/\/www.ert.tn\/pmf\/wp-json\/wp\/v2\/posts\/17118\/revisions"}],"predecessor-version":[{"id":17119,"href":"https:\/\/www.ert.tn\/pmf\/wp-json\/wp\/v2\/posts\/17118\/revisions\/17119"}],"wp:featuredmedia":[{"embeddable":true,"href":"https:\/\/www.ert.tn\/pmf\/wp-json\/wp\/v2\/media\/17120"}],"wp:attachment":[{"href":"https:\/\/www.ert.tn\/pmf\/wp-json\/wp\/v2\/media?parent=17118"}],"wp:term":[{"taxonomy":"category","embeddable":true,"href":"https:\/\/www.ert.tn\/pmf\/wp-json\/wp\/v2\/categories?post=17118"},{"taxonomy":"post_tag","embeddable":true,"href":"https:\/\/www.ert.tn\/pmf\/wp-json\/wp\/v2\/tags?post=17118"}],"curies":[{"name":"wp","href":"https:\/\/api.w.org\/{rel}","templated":true}]}}