{"id":17264,"date":"2024-04-12T17:31:05","date_gmt":"2024-04-12T15:31:05","guid":{"rendered":"http:\/\/www.ert.tn\/pmf\/?p=17264"},"modified":"2024-04-20T18:46:36","modified_gmt":"2024-04-20T16:46:36","slug":"participez-au-concours-du-logo-phare","status":"publish","type":"post","link":"https:\/\/www.ert.tn\/pmf\/2024\/04\/12\/participez-au-concours-du-logo-phare\/","title":{"rendered":"Participez au concours du logo pHARe"},"content":{"rendered":"\n<p>Dans le cadre de la journ\u00e9e \u00ab\u00a0Non au harc\u00e8lement\u00a0\u00bb, l&rsquo;\u00e9tablissement organise un <strong>concours de logo<\/strong> pour le lancement du projet pHARe.<br> &nbsp;<br> Ce concours est ouvert \u00e0 tous les \u00e9l\u00e8ves de la sixi\u00e8me \u00e0 la terminale.<br> Deux consignes:&nbsp;<\/p>\n\n\n\n<ul class=\"wp-block-list\"><li>Le logo doit respecter les couleurs du projet pHARe<\/li><li>Le logo doit \u00eatre d\u00e9pos\u00e9 sur le <a rel=\"noreferrer noopener\" aria-label=\"padlet  (s\u2019ouvre dans un nouvel onglet)\" href=\"https:\/\/padlet.com\/basma_chahed\/concours-de-logo-dispositif-phare-gb1b17hnzkj4cymj\" target=\"_blank\">padlet <\/a>avant le 26 avril<\/li><\/ul>\n\n\n\n<p>Bon courage et laisser jouer votre cr\u00e9ativit\u00e9 ! <\/p>\n\n\n\n<p>Toutes les infos: <\/p>\n\n\n\n<div class=\"wp-block-file\"><a href=\"https:\/\/www.ert.tn\/pmf\/wp-content\/uploads\/2024\/04\/Concours-pHARe-logo.pdf.pdf\" target=\"_blank\" rel=\"noreferrer noopener\">Concours-pHARe-logo.pdf<\/a><a href=\"https:\/\/www.ert.tn\/pmf\/wp-content\/uploads\/2024\/04\/Concours-pHARe-logo.pdf.pdf\" class=\"wp-block-file__button\" download>T\u00e9l\u00e9charger<\/a><\/div>\n","protected":false},"excerpt":{"rendered":"<p>Dans le cadre de la journ&eacute;e &laquo;&nbsp;Non au harc&egrave;lement&nbsp;&raquo;, l&rsquo;&eacute;tablissement organise un concours de logo pour le lancement du projet<\/p>\n","protected":false},"author":2,"featured_media":17267,"comment_status":"closed","ping_status":"closed","sticky":false,"template":"","format":"standard","meta":{"_exactmetrics_skip_tracking":false,"_exactmetrics_sitenote_active":false,"_exactmetrics_sitenote_note":"","_exactmetrics_sitenote_category":0,"footnotes":""},"categories":[195],"tags":[],"class_list":["post-17264","post","type-post","status-publish","format-standard","has-post-thumbnail","hentry","category-actualites-de-pmf"],"_links":{"self":[{"href":"https:\/\/www.ert.tn\/pmf\/wp-json\/wp\/v2\/posts\/17264","targetHints":{"allow":["GET"]}}],"collection":[{"href":"https:\/\/www.ert.tn\/pmf\/wp-json\/wp\/v2\/posts"}],"about":[{"href":"https:\/\/www.ert.tn\/pmf\/wp-json\/wp\/v2\/types\/post"}],"author":[{"embeddable":true,"href":"https:\/\/www.ert.tn\/pmf\/wp-json\/wp\/v2\/users\/2"}],"replies":[{"embeddable":true,"href":"https:\/\/www.ert.tn\/pmf\/wp-json\/wp\/v2\/comments?post=17264"}],"version-history":[{"count":3,"href":"https:\/\/www.ert.tn\/pmf\/wp-json\/wp\/v2\/posts\/17264\/revisions"}],"predecessor-version":[{"id":17365,"href":"https:\/\/www.ert.tn\/pmf\/wp-json\/wp\/v2\/posts\/17264\/revisions\/17365"}],"wp:featuredmedia":[{"embeddable":true,"href":"https:\/\/www.ert.tn\/pmf\/wp-json\/wp\/v2\/media\/17267"}],"wp:attachment":[{"href":"https:\/\/www.ert.tn\/pmf\/wp-json\/wp\/v2\/media?parent=17264"}],"wp:term":[{"taxonomy":"category","embeddable":true,"href":"https:\/\/www.ert.tn\/pmf\/wp-json\/wp\/v2\/categories?post=17264"},{"taxonomy":"post_tag","embeddable":true,"href":"https:\/\/www.ert.tn\/pmf\/wp-json\/wp\/v2\/tags?post=17264"}],"curies":[{"name":"wp","href":"https:\/\/api.w.org\/{rel}","templated":true}]}}