{"id":17369,"date":"2024-04-18T15:36:42","date_gmt":"2024-04-18T13:36:42","guid":{"rendered":"http:\/\/www.ert.tn\/pmf\/?p=17369"},"modified":"2024-04-22T16:07:29","modified_gmt":"2024-04-22T14:07:29","slug":"phare-au-lycee-pmf","status":"publish","type":"post","link":"https:\/\/www.ert.tn\/pmf\/2024\/04\/18\/phare-au-lycee-pmf\/","title":{"rendered":"\u00ab\u00a0pHARe\u00a0\u00bb au lyc\u00e9e PMF"},"content":{"rendered":"\n<p>Notre \u00e9tablissement a choisi la date du 19 avril 2024 pour le lancement officiel du dispositif\u00a0\u00a0\u00ab\u00a0pHARe\u00a0\u00bb.\u00a0<br>La mise en place de ce dispositif passe par la <strong>cr\u00e9ation de la cellule d&rsquo;\u00e9coute<\/strong> au coll\u00e8ge et au lyc\u00e9e. <\/p>\n\n\n\n<p>De plus, de <strong>nombreuses activit\u00e9s<\/strong> ont \u00e9t\u00e9 r\u00e9alis\u00e9es dans les classes pour sensibiliser notre communaut\u00e9 scolaire au danger et au travers de ce fl\u00e9au qui semble ronger nos \u00e9l\u00e8ves :\u00a0<a rel=\"noreferrer noopener\" href=\"https:\/\/padlet.com\/basma_chahed\/non-au-harcelement-7cpbabv7fxjdzf0i\" target=\"_blank\">Travaux PMF &#8211; ERT\u00a0<\/a><\/p>\n\n\n\n<p>A l&rsquo;initiative de la vie scolaire au coll\u00e8ge, M. Fartoun a re\u00e7u <strong>M. BEN NOOMEN, Pr\u00e9sident de l&rsquo;association de lutte contre le cyberharc\u00e8lement en Tunisie<\/strong> pour une conf\u00e9rence au sein de l&rsquo;\u00e9tablissement.\u00a0<\/p>\n\n\n\n<p>Nos clubs sont particuli\u00e8rement engag\u00e9s sur ces questions, en particulier le club UNESCO de PMF qui \u00e0 l&rsquo;initiative de sa pr\u00e9sidente, l&rsquo;\u00e9l\u00e8ve NOUR JERBI T1, a r\u00e9alis\u00e9 avec certains de ses camarades un <strong>court m\u00e9trage de sensibilisation<\/strong>: <a rel=\"noreferrer noopener\" href=\"https:\/\/drive.google.com\/file\/d\/1KfLpCXOy-7PS4ZfUxXDz7ltem8rP8q13\/view?usp=drive_web\" target=\"_blank\">Le silence<\/a><\/p>\n\n\n\n<p>Sans oublier le <strong>concours de logo<\/strong> qui a \u00e9t\u00e9 prolong\u00e9 jusqu&rsquo;au 26 avril &#8211; nous avons re\u00e7u de belles productions et \u00e7a continue &#8230;.<a rel=\"noreferrer noopener\" href=\"https:\/\/padlet.com\/basma_chahed\/concours-de-logo-dispositif-phare-gb1b17hnzkj4cymj\" target=\"_blank\">concours de logo<\/a><a rel=\"noreferrer noopener\" href=\"https:\/\/www.youtubeeducation.com\/watch?v=qn0c7SH7r74\" target=\"_blank\">BLCLD : le harc\u00e8lement scolaire , on en parle !<\/a><\/p>\n\n\n\n<p><\/p>\n","protected":false},"excerpt":{"rendered":"<p>Notre &eacute;tablissement a choisi la date du 19 avril 2024 pour le lancement officiel du dispositif&nbsp;&nbsp;&laquo;&nbsp;pHARe&nbsp;&raquo;.&nbsp;La mise en place de<\/p>\n","protected":false},"author":2,"featured_media":17370,"comment_status":"closed","ping_status":"closed","sticky":false,"template":"","format":"standard","meta":{"_exactmetrics_skip_tracking":false,"_exactmetrics_sitenote_active":false,"_exactmetrics_sitenote_note":"","_exactmetrics_sitenote_category":0,"footnotes":""},"categories":[195],"tags":[],"class_list":["post-17369","post","type-post","status-publish","format-standard","has-post-thumbnail","hentry","category-actualites-de-pmf"],"_links":{"self":[{"href":"https:\/\/www.ert.tn\/pmf\/wp-json\/wp\/v2\/posts\/17369","targetHints":{"allow":["GET"]}}],"collection":[{"href":"https:\/\/www.ert.tn\/pmf\/wp-json\/wp\/v2\/posts"}],"about":[{"href":"https:\/\/www.ert.tn\/pmf\/wp-json\/wp\/v2\/types\/post"}],"author":[{"embeddable":true,"href":"https:\/\/www.ert.tn\/pmf\/wp-json\/wp\/v2\/users\/2"}],"replies":[{"embeddable":true,"href":"https:\/\/www.ert.tn\/pmf\/wp-json\/wp\/v2\/comments?post=17369"}],"version-history":[{"count":1,"href":"https:\/\/www.ert.tn\/pmf\/wp-json\/wp\/v2\/posts\/17369\/revisions"}],"predecessor-version":[{"id":17371,"href":"https:\/\/www.ert.tn\/pmf\/wp-json\/wp\/v2\/posts\/17369\/revisions\/17371"}],"wp:featuredmedia":[{"embeddable":true,"href":"https:\/\/www.ert.tn\/pmf\/wp-json\/wp\/v2\/media\/17370"}],"wp:attachment":[{"href":"https:\/\/www.ert.tn\/pmf\/wp-json\/wp\/v2\/media?parent=17369"}],"wp:term":[{"taxonomy":"category","embeddable":true,"href":"https:\/\/www.ert.tn\/pmf\/wp-json\/wp\/v2\/categories?post=17369"},{"taxonomy":"post_tag","embeddable":true,"href":"https:\/\/www.ert.tn\/pmf\/wp-json\/wp\/v2\/tags?post=17369"}],"curies":[{"name":"wp","href":"https:\/\/api.w.org\/{rel}","templated":true}]}}