{"id":17446,"date":"2024-05-14T11:15:10","date_gmt":"2024-05-14T09:15:10","guid":{"rendered":"http:\/\/www.ert.tn\/pmf\/?p=17446"},"modified":"2024-05-14T11:15:11","modified_gmt":"2024-05-14T09:15:11","slug":"avis-dappel-doffres-projet-de-rehabilitation-dun-terrain-de-sport-et-des-vestiaires","status":"publish","type":"post","link":"https:\/\/www.ert.tn\/pmf\/2024\/05\/14\/avis-dappel-doffres-projet-de-rehabilitation-dun-terrain-de-sport-et-des-vestiaires\/","title":{"rendered":"Avis d&rsquo;appel d&rsquo;offres: Projet de r\u00e9habilitation d&rsquo;un terrain de sport et des vestiaires"},"content":{"rendered":"\n<p>L&rsquo;Etablissement R\u00e9gional de Tunis publie le pr\u00e9sent appel d&rsquo;offres sur le territoire tunisien afin de choisir une entreprise pouvant assurer la r\u00e9habilitation d&rsquo;un terrain et des vestiaires de sport situ\u00e9 au lyc\u00e9e Pierre Mend\u00e8s France.<\/p>\n\n\n\n<p><strong>Avis d&rsquo;appel d&rsquo;offre: <\/strong><\/p>\n\n\n\n<div class=\"wp-block-file\"><a href=\"https:\/\/www.ert.tn\/pmf\/wp-content\/uploads\/2024\/05\/ANNONCE-TERRAIN-T3.pdf\" target=\"_blank\" rel=\"noreferrer noopener\">ANNONCE-TERRAIN-T3<\/a><a href=\"https:\/\/www.ert.tn\/pmf\/wp-content\/uploads\/2024\/05\/ANNONCE-TERRAIN-T3.pdf\" class=\"wp-block-file__button\" download>T\u00e9l\u00e9charger<\/a><\/div>\n\n\n\n<p><\/p>\n","protected":false},"excerpt":{"rendered":"<p>L&rsquo;Etablissement R&eacute;gional de Tunis publie le pr&eacute;sent appel d&rsquo;offres sur le territoire tunisien afin de choisir une entreprise pouvant assurer<\/p>\n","protected":false},"author":2,"featured_media":17448,"comment_status":"closed","ping_status":"closed","sticky":false,"template":"","format":"standard","meta":{"_exactmetrics_skip_tracking":false,"_exactmetrics_sitenote_active":false,"_exactmetrics_sitenote_note":"","_exactmetrics_sitenote_category":0,"footnotes":""},"categories":[195,281],"tags":[],"class_list":["post-17446","post","type-post","status-publish","format-standard","has-post-thumbnail","hentry","category-actualites-de-pmf","category-marches-et-appels-doffres"],"_links":{"self":[{"href":"https:\/\/www.ert.tn\/pmf\/wp-json\/wp\/v2\/posts\/17446","targetHints":{"allow":["GET"]}}],"collection":[{"href":"https:\/\/www.ert.tn\/pmf\/wp-json\/wp\/v2\/posts"}],"about":[{"href":"https:\/\/www.ert.tn\/pmf\/wp-json\/wp\/v2\/types\/post"}],"author":[{"embeddable":true,"href":"https:\/\/www.ert.tn\/pmf\/wp-json\/wp\/v2\/users\/2"}],"replies":[{"embeddable":true,"href":"https:\/\/www.ert.tn\/pmf\/wp-json\/wp\/v2\/comments?post=17446"}],"version-history":[{"count":1,"href":"https:\/\/www.ert.tn\/pmf\/wp-json\/wp\/v2\/posts\/17446\/revisions"}],"predecessor-version":[{"id":17449,"href":"https:\/\/www.ert.tn\/pmf\/wp-json\/wp\/v2\/posts\/17446\/revisions\/17449"}],"wp:featuredmedia":[{"embeddable":true,"href":"https:\/\/www.ert.tn\/pmf\/wp-json\/wp\/v2\/media\/17448"}],"wp:attachment":[{"href":"https:\/\/www.ert.tn\/pmf\/wp-json\/wp\/v2\/media?parent=17446"}],"wp:term":[{"taxonomy":"category","embeddable":true,"href":"https:\/\/www.ert.tn\/pmf\/wp-json\/wp\/v2\/categories?post=17446"},{"taxonomy":"post_tag","embeddable":true,"href":"https:\/\/www.ert.tn\/pmf\/wp-json\/wp\/v2\/tags?post=17446"}],"curies":[{"name":"wp","href":"https:\/\/api.w.org\/{rel}","templated":true}]}}