{"id":18072,"date":"2024-11-07T11:10:50","date_gmt":"2024-11-07T10:10:50","guid":{"rendered":"http:\/\/www.ert.tn\/pmf\/?p=18072"},"modified":"2024-11-07T11:10:51","modified_gmt":"2024-11-07T10:10:51","slug":"semaine-des-lycees-francais-du-monde-edition-2024","status":"publish","type":"post","link":"https:\/\/www.ert.tn\/pmf\/2024\/11\/07\/semaine-des-lycees-francais-du-monde-edition-2024\/","title":{"rendered":"Semaine des lyc\u00e9es fran\u00e7ais du monde \u2013 Edition 2024"},"content":{"rendered":"\n<p>Apr\u00e8s\navoir notamment mis en valeur, durant les derni\u00e8res \u00e9ditions, l\u2019excellence\n\u00e9ducative de ce r\u00e9seau, le plurilinguisme et la pluralit\u00e9 culturelle, l\u2019\u00e9cole\nmaternelle, la reconnaissance du baccalaur\u00e9at par les meilleures universit\u00e9s du\nmonde et les valeurs humanistes, en 2022 sur l&rsquo;Education aux m\u00e9dias et \u00e0\nl&rsquo;information (EMI), puis en 2023 sur l&rsquo;activit\u00e9 physique et sportive dans le\ncadre des Jeux olympiques et paralympiques de Paris 2024, <strong>il a \u00e9t\u00e9 choisi de mettre \u00e0 l&rsquo;honneur la Francophonie pour la SLFM 2024<\/strong>.<\/p>\n\n\n\n<p>La\n<strong>8e \u00e9dition de la SLFM aura ainsi lieu du\n25 au 30 novembre 2024<\/strong>, avec la th\u00e9matique suivante : \u00ab La Francophonie :\nles \u00e9tablissements cr\u00e9ent et innovent \u00bb.<\/p>\n\n\n\n<p>Une&nbsp;<strong>cartographie<\/strong>,\npubli\u00e9e sur&nbsp;<a href=\"http:\/\/aefe.fr\/\" target=\"_blank\" rel=\"noreferrer noopener\">aefe.fr<\/a>, permettra de montrer la richesse des \u00e9v\u00e9nements\npropos\u00e9s dans le r\u00e9seau.<\/p>\n\n\n\n<p>Au lyc\u00e9e Pierre Mend\u00e8s France, 2 projets sont pour\nl\u2019instant programm\u00e9s:<\/p>\n\n\n\n<ul class=\"wp-block-list\"><li>Le lyc\u00e9e PMF a lanc\u00e9 depuis le d\u00e9but de l\u2019ann\u00e9e un concours artistique &amp; culturel, ouvert \u00e0 tous (primaire-coll\u00e8ge-lyc\u00e9e-\u00e9l\u00e8ves-personnels), avec l\u2019aide de l\u2019artiste photographe tunisien, Ka\u00efs Ben Farhat. En s\u2019emparant des 15 proverbes les plus utilis\u00e9s de la langue fran\u00e7aise et les plus proches de nos \u00e9l\u00e8ves, nous nous int\u00e9resserons \u00e0 leur mise en valeur photographique autour d\u2019un <strong>concours artistique et culturel : les mots en photos.<\/strong> Pour plus d\u2019informations\u00a0: <a rel=\"noreferrer noopener\" aria-label=\"https:\/\/bit.ly\/4eer9ZU (s\u2019ouvre dans un nouvel onglet)\" href=\"https:\/\/bit.ly\/4eer9ZU\" target=\"_blank\">https:\/\/bit.ly\/4eer9ZU<\/a><\/li><\/ul>\n\n\n\n<ul class=\"wp-block-list\"><li>Participation au projet <strong>\u00ab\u00a0Lire des livres&#8230; d\u00e9livre\u00a0\u00bb<\/strong> avec le <strong>lyc\u00e9e fran\u00e7ais du Costa Rica<\/strong>. Apr\u00e8s avoir lu leur livre, les \u00e9l\u00e8ves l&#8217;emballent et notent 3 mots forts en haut \u00e0 gauche pour le qualifier, ainsi qu\u2019une citation tir\u00e9e du livre, sans donner le nom de l\u2019auteur, ni le titre de l\u2019ouvrage. Les photos des livres ainsi pr\u00e9par\u00e9s sont post\u00e9es sur un digipad. Une rencontre virtuelle entre les \u00e9l\u00e8ves de PMF et du CR donnera lieu \u00e0 des \u00e9changes autour des livres ainsi qu\u2019\u00e0 des jeux interactifs afin de leur \u201cd\u00e9&#8230;livrer\u201d les secrets cach\u00e9s derri\u00e8re les 3 mots et la citation, ou de leur faire deviner le livre lu et leur donner l\u2019envie d\u2019aller le lire \u00e0 leur tour.<\/li><\/ul>\n","protected":false},"excerpt":{"rendered":"<p>Apr&egrave;s avoir notamment mis en valeur, durant les derni&egrave;res &eacute;ditions, l&rsquo;excellence &eacute;ducative de ce r&eacute;seau, le plurilinguisme et la pluralit&eacute;<\/p>\n","protected":false},"author":2,"featured_media":18073,"comment_status":"closed","ping_status":"closed","sticky":false,"template":"","format":"standard","meta":{"_exactmetrics_skip_tracking":false,"_exactmetrics_sitenote_active":false,"_exactmetrics_sitenote_note":"","_exactmetrics_sitenote_category":0,"footnotes":""},"categories":[232],"tags":[],"class_list":["post-18072","post","type-post","status-publish","format-standard","has-post-thumbnail","hentry","category-evenements"],"_links":{"self":[{"href":"https:\/\/www.ert.tn\/pmf\/wp-json\/wp\/v2\/posts\/18072","targetHints":{"allow":["GET"]}}],"collection":[{"href":"https:\/\/www.ert.tn\/pmf\/wp-json\/wp\/v2\/posts"}],"about":[{"href":"https:\/\/www.ert.tn\/pmf\/wp-json\/wp\/v2\/types\/post"}],"author":[{"embeddable":true,"href":"https:\/\/www.ert.tn\/pmf\/wp-json\/wp\/v2\/users\/2"}],"replies":[{"embeddable":true,"href":"https:\/\/www.ert.tn\/pmf\/wp-json\/wp\/v2\/comments?post=18072"}],"version-history":[{"count":1,"href":"https:\/\/www.ert.tn\/pmf\/wp-json\/wp\/v2\/posts\/18072\/revisions"}],"predecessor-version":[{"id":18074,"href":"https:\/\/www.ert.tn\/pmf\/wp-json\/wp\/v2\/posts\/18072\/revisions\/18074"}],"wp:featuredmedia":[{"embeddable":true,"href":"https:\/\/www.ert.tn\/pmf\/wp-json\/wp\/v2\/media\/18073"}],"wp:attachment":[{"href":"https:\/\/www.ert.tn\/pmf\/wp-json\/wp\/v2\/media?parent=18072"}],"wp:term":[{"taxonomy":"category","embeddable":true,"href":"https:\/\/www.ert.tn\/pmf\/wp-json\/wp\/v2\/categories?post=18072"},{"taxonomy":"post_tag","embeddable":true,"href":"https:\/\/www.ert.tn\/pmf\/wp-json\/wp\/v2\/tags?post=18072"}],"curies":[{"name":"wp","href":"https:\/\/api.w.org\/{rel}","templated":true}]}}