{"id":18156,"date":"2024-12-13T08:00:21","date_gmt":"2024-12-13T07:00:21","guid":{"rendered":"http:\/\/www.ert.tn\/pmf\/?p=18156"},"modified":"2024-12-13T09:25:16","modified_gmt":"2024-12-13T08:25:16","slug":"decouvrez-les-photos-du-concours-la-francophonie-les-mots-en-photos","status":"publish","type":"post","link":"https:\/\/www.ert.tn\/pmf\/2024\/12\/13\/decouvrez-les-photos-du-concours-la-francophonie-les-mots-en-photos\/","title":{"rendered":"Concours \u00ab\u00a0La Francophonie : les mots en photos\u00a0\u00bb \u2013 Les gagnants sont r\u00e9v\u00e9l\u00e9s !"},"content":{"rendered":"\n<p>Le concours&nbsp;<em>\u00ab\u00a0La Francophonie : les mots en photos\u00a0\u00bb&nbsp;<\/em>est d\u00e9sormais&nbsp;termin\u00e9. <\/p>\n\n\n\n<p><strong>Plus de 100 photos ont \u00e9t\u00e9 re\u00e7ues<\/strong> pour concourir \u00e0 ce projet artistique et culturel&nbsp;dans le cadre de la&nbsp;<strong>Semaine des Lyc\u00e9es Fran\u00e7ais du Monde (SLFM)<\/strong>, que vous pouvez d\u00e9couvrir ici: <\/p>\n\n\n\n<div class=\"wp-block-file\"><a href=\"https:\/\/www.ert.tn\/pmf\/wp-content\/uploads\/2024\/11\/portfolio-CONCOURS-FRANCOPHONIE-Version-site.pdf\" target=\"_blank\" rel=\"noreferrer noopener\">Portfolio-CONCOURS-FRANCOPHONIE<\/a><a href=\"https:\/\/www.ert.tn\/pmf\/wp-content\/uploads\/2024\/11\/portfolio-CONCOURS-FRANCOPHONIE-Version-site.pdf\" class=\"wp-block-file__button\" download>T\u00e9l\u00e9charger<\/a><\/div>\n\n\n\n<p> Parmi toutes les photos envoy\u00e9es, <strong>le jury du concours a choisi 22 clich\u00e9s. D\u00e9couvrez maintenant leur s\u00e9lection: <\/strong><\/p>\n\n\n\n<div class=\"wp-block-file\"><a href=\"https:\/\/www.ert.tn\/pmf\/wp-content\/uploads\/2024\/12\/S\u00e9lection-du-jury-CONCOURS-FRANCOPHONIE.pdf\">S\u00e9lection-du-jury-CONCOURS-FRANCOPHONIE<\/a><a href=\"https:\/\/www.ert.tn\/pmf\/wp-content\/uploads\/2024\/12\/S\u00e9lection-du-jury-CONCOURS-FRANCOPHONIE.pdf\" class=\"wp-block-file__button\" download>T\u00e9l\u00e9charger<\/a><\/div>\n\n\n\n<p><strong>L&rsquo;artiste photographe Ka\u00efs BEN FARHAT<\/strong>, parrain de cet \u00e9v\u00e9nement\u00a0et que nous remercions\u00a0tr\u00e8s chaleureusement, <strong>a d\u00e9sign\u00e9 parmi cette s\u00e9lection les 3 photos gagnantes\u00a0ainsi que le Prix sp\u00e9cial du Jury pour 3 photographies dans la cat\u00e9gorie Primaire.<\/strong> D\u00e9couvrez les gagnants: <\/p>\n\n\n\n<ul class=\"wp-block-list\"><li>Bravo aux classes de <strong>CE1 D, CE1 F et CM1 G<\/strong> pour le palmar\u00e8s Primaire<\/li><li>Bravo \u00e0 <strong>Maya OUERGHI (1\u00e8re 9), Sara ZAAZAA (T08) et Zeineb CHAARI (T03)<\/strong> pour la palmar\u00e8s Coll\u00e8ge-Lyc\u00e9e<\/li><\/ul>\n\n\n\n<div class=\"wp-block-file\"><a href=\"https:\/\/www.ert.tn\/pmf\/wp-content\/uploads\/2024\/12\/Palmar\u00e8s-CONCOURS-FRANCOPHONIE.pdf\" target=\"_blank\" rel=\"noreferrer noopener\">Palmar\u00e8s-CONCOURS-FRANCOPHONIE<\/a><a href=\"https:\/\/www.ert.tn\/pmf\/wp-content\/uploads\/2024\/12\/Palmar\u00e8s-CONCOURS-FRANCOPHONIE.pdf\" class=\"wp-block-file__button\" download>T\u00e9l\u00e9charger<\/a><\/div>\n\n\n\n<p>Le lyc\u00e9e PMF remercie tous les participants \u00e0 ce concours d&rsquo;Education\u00a0Artistique &amp; Culturelle qui se conclura par une<strong> remise des prix et un vernissage de l&rsquo;exposition le lundi 10 f\u00e9vrier 2025<\/strong>, puis d&rsquo;une <strong>exposition itin\u00e9rante<\/strong>.\u00a0Bravo aux laur\u00e9ats ! Bravo \u00e0 vous tous !<\/p>\n\n\n\n<p><\/p>\n","protected":false},"excerpt":{"rendered":"<p>Le concours&nbsp;&laquo;&nbsp;La Francophonie : les mots en photos&nbsp;&raquo;&nbsp;est d&eacute;sormais&nbsp;termin&eacute;. Plus de 100 photos ont &eacute;t&eacute; re&ccedil;ues pour concourir &agrave; ce<\/p>\n","protected":false},"author":2,"featured_media":18421,"comment_status":"closed","ping_status":"closed","sticky":false,"template":"","format":"standard","meta":{"_exactmetrics_skip_tracking":false,"_exactmetrics_sitenote_active":false,"_exactmetrics_sitenote_note":"","_exactmetrics_sitenote_category":0,"footnotes":""},"categories":[195],"tags":[],"class_list":["post-18156","post","type-post","status-publish","format-standard","has-post-thumbnail","hentry","category-actualites-de-pmf"],"_links":{"self":[{"href":"https:\/\/www.ert.tn\/pmf\/wp-json\/wp\/v2\/posts\/18156","targetHints":{"allow":["GET"]}}],"collection":[{"href":"https:\/\/www.ert.tn\/pmf\/wp-json\/wp\/v2\/posts"}],"about":[{"href":"https:\/\/www.ert.tn\/pmf\/wp-json\/wp\/v2\/types\/post"}],"author":[{"embeddable":true,"href":"https:\/\/www.ert.tn\/pmf\/wp-json\/wp\/v2\/users\/2"}],"replies":[{"embeddable":true,"href":"https:\/\/www.ert.tn\/pmf\/wp-json\/wp\/v2\/comments?post=18156"}],"version-history":[{"count":3,"href":"https:\/\/www.ert.tn\/pmf\/wp-json\/wp\/v2\/posts\/18156\/revisions"}],"predecessor-version":[{"id":18422,"href":"https:\/\/www.ert.tn\/pmf\/wp-json\/wp\/v2\/posts\/18156\/revisions\/18422"}],"wp:featuredmedia":[{"embeddable":true,"href":"https:\/\/www.ert.tn\/pmf\/wp-json\/wp\/v2\/media\/18421"}],"wp:attachment":[{"href":"https:\/\/www.ert.tn\/pmf\/wp-json\/wp\/v2\/media?parent=18156"}],"wp:term":[{"taxonomy":"category","embeddable":true,"href":"https:\/\/www.ert.tn\/pmf\/wp-json\/wp\/v2\/categories?post=18156"},{"taxonomy":"post_tag","embeddable":true,"href":"https:\/\/www.ert.tn\/pmf\/wp-json\/wp\/v2\/tags?post=18156"}],"curies":[{"name":"wp","href":"https:\/\/api.w.org\/{rel}","templated":true}]}}