{"id":18687,"date":"2025-04-10T13:39:43","date_gmt":"2025-04-10T11:39:43","guid":{"rendered":"https:\/\/www.ert.tn\/pmf\/?p=18687"},"modified":"2025-04-10T13:48:55","modified_gmt":"2025-04-10T11:48:55","slug":"math-en-jeans-nos-eleves-en-mode-chercheurs-a-paris","status":"publish","type":"post","link":"https:\/\/www.ert.tn\/pmf\/2025\/04\/10\/math-en-jeans-nos-eleves-en-mode-chercheurs-a-paris\/","title":{"rendered":"MATh.en.JEANS : nos \u00e9l\u00e8ves en mode chercheurs \u00e0 Paris"},"content":{"rendered":"\n<p>Cette ann\u00e9e, un groupe de trois \u00e9l\u00e8ves du lyc\u00e9e Pierre Mend\u00e8s-France ont particip\u00e9 au <strong>congr\u00e8s \u00ab\u00a0MATh.en.JEANS\u00a0\u00bb<\/strong> (MeJ) qui a eu lieu en France <strong>\u00e0 Paris les 28 et 29 mars dernier<\/strong>.<\/p>\n\n\n\n<div class=\"wp-block-image\"><figure class=\"aligncenter is-resized\"><img loading=\"lazy\" decoding=\"async\" src=\"https:\/\/www.ert.tn\/pmf\/wp-content\/uploads\/2025\/04\/congres-photo3-r-1024x768.jpg\" alt=\"\" class=\"wp-image-18689\" width=\"512\" height=\"384\" srcset=\"https:\/\/www.ert.tn\/pmf\/wp-content\/uploads\/2025\/04\/congres-photo3-r-1024x768.jpg 1024w, https:\/\/www.ert.tn\/pmf\/wp-content\/uploads\/2025\/04\/congres-photo3-r-300x225.jpg 300w, https:\/\/www.ert.tn\/pmf\/wp-content\/uploads\/2025\/04\/congres-photo3-r-768x576.jpg 768w, https:\/\/www.ert.tn\/pmf\/wp-content\/uploads\/2025\/04\/congres-photo3-r.jpg 2000w\" sizes=\"auto, (max-width: 512px) 100vw, 512px\" \/><\/figure><\/div>\n\n\n\n<p>Tous les ans, l\u2019atelier MeJ est propos\u00e9 \u00e0 tous les \u00e9l\u00e8ves qui souhaitent se mettre dans la situation d\u2019un chercheur pour progresser dans la r\u00e9solution d\u2019un probl\u00e8me. Il fait maintenant partie du dispositif propos\u00e9 par le labomaths, avec d\u2019autres ateliers. Les probl\u00e8mes sont ouverts et de deux niveaux\u00a0: coll\u00e8ge et lyc\u00e9e. La recherche peut se faire en groupe, de fa\u00e7on collaborative, et s\u2019effectue en dehors de toute comp\u00e9tition. <\/p>\n\n\n\n<p>Si des \u00e9l\u00e8ves parviennent \u00e0 produire des travaux suffisamment avanc\u00e9s, ils peuvent exposer leur production lors d\u2019un congr\u00e8s. C\u2019est ce qu\u2019ont fait Mohamed Bencherifa, Adam Chtourou et Skander Fatnassi, tous trois \u00e9l\u00e8ves de 3<sup>\u00e8me<\/sup>\u00a03 cette ann\u00e9e.<\/p>\n\n\n\n<div class=\"wp-block-image\"><figure class=\"aligncenter is-resized\"><img loading=\"lazy\" decoding=\"async\" src=\"https:\/\/www.ert.tn\/pmf\/wp-content\/uploads\/2025\/04\/congres-photo2-r-1024x768.jpg\" alt=\"\" class=\"wp-image-18688\" width=\"512\" height=\"384\" srcset=\"https:\/\/www.ert.tn\/pmf\/wp-content\/uploads\/2025\/04\/congres-photo2-r-1024x768.jpg 1024w, https:\/\/www.ert.tn\/pmf\/wp-content\/uploads\/2025\/04\/congres-photo2-r-300x225.jpg 300w, https:\/\/www.ert.tn\/pmf\/wp-content\/uploads\/2025\/04\/congres-photo2-r-768x576.jpg 768w, https:\/\/www.ert.tn\/pmf\/wp-content\/uploads\/2025\/04\/congres-photo2-r.jpg 2000w\" sizes=\"auto, (max-width: 512px) 100vw, 512px\" \/><\/figure><\/div>\n\n\n\n<p>Leur expos\u00e9 n\u2019est pas pass\u00e9 inaper\u00e7u et a \u00e9t\u00e9 tr\u00e8s bien re\u00e7u par l\u2019auditoire de l\u2019amphi 5 enti\u00e8rement rempli, de l\u2019universit\u00e9 Paris Dauphine. Bravo \u00e0 eux trois\u00a0!<\/p>\n\n\n\n<div class=\"wp-block-image\"><figure class=\"aligncenter is-resized\"><img loading=\"lazy\" decoding=\"async\" src=\"https:\/\/www.ert.tn\/pmf\/wp-content\/uploads\/2025\/04\/congres-photo1-r-1024x768.jpg\" alt=\"\" class=\"wp-image-18690\" width=\"512\" height=\"384\" srcset=\"https:\/\/www.ert.tn\/pmf\/wp-content\/uploads\/2025\/04\/congres-photo1-r-1024x768.jpg 1024w, https:\/\/www.ert.tn\/pmf\/wp-content\/uploads\/2025\/04\/congres-photo1-r-300x225.jpg 300w, https:\/\/www.ert.tn\/pmf\/wp-content\/uploads\/2025\/04\/congres-photo1-r-768x576.jpg 768w, https:\/\/www.ert.tn\/pmf\/wp-content\/uploads\/2025\/04\/congres-photo1-r.jpg 2000w\" sizes=\"auto, (max-width: 512px) 100vw, 512px\" \/><\/figure><\/div>\n","protected":false},"excerpt":{"rendered":"<p>Cette ann&eacute;e, un groupe de trois &eacute;l&egrave;ves du lyc&eacute;e Pierre Mend&egrave;s-France ont particip&eacute; au congr&egrave;s &laquo;&nbsp;MATh.en.JEANS&nbsp;&raquo; (MeJ) qui a eu<\/p>\n","protected":false},"author":2,"featured_media":18691,"comment_status":"closed","ping_status":"closed","sticky":false,"template":"","format":"standard","meta":{"_exactmetrics_skip_tracking":false,"_exactmetrics_sitenote_active":false,"_exactmetrics_sitenote_note":"","_exactmetrics_sitenote_category":0,"footnotes":""},"categories":[195,186],"tags":[],"class_list":["post-18687","post","type-post","status-publish","format-standard","has-post-thumbnail","hentry","category-actualites-de-pmf","category-mathematiques"],"_links":{"self":[{"href":"https:\/\/www.ert.tn\/pmf\/wp-json\/wp\/v2\/posts\/18687","targetHints":{"allow":["GET"]}}],"collection":[{"href":"https:\/\/www.ert.tn\/pmf\/wp-json\/wp\/v2\/posts"}],"about":[{"href":"https:\/\/www.ert.tn\/pmf\/wp-json\/wp\/v2\/types\/post"}],"author":[{"embeddable":true,"href":"https:\/\/www.ert.tn\/pmf\/wp-json\/wp\/v2\/users\/2"}],"replies":[{"embeddable":true,"href":"https:\/\/www.ert.tn\/pmf\/wp-json\/wp\/v2\/comments?post=18687"}],"version-history":[{"count":1,"href":"https:\/\/www.ert.tn\/pmf\/wp-json\/wp\/v2\/posts\/18687\/revisions"}],"predecessor-version":[{"id":18692,"href":"https:\/\/www.ert.tn\/pmf\/wp-json\/wp\/v2\/posts\/18687\/revisions\/18692"}],"wp:featuredmedia":[{"embeddable":true,"href":"https:\/\/www.ert.tn\/pmf\/wp-json\/wp\/v2\/media\/18691"}],"wp:attachment":[{"href":"https:\/\/www.ert.tn\/pmf\/wp-json\/wp\/v2\/media?parent=18687"}],"wp:term":[{"taxonomy":"category","embeddable":true,"href":"https:\/\/www.ert.tn\/pmf\/wp-json\/wp\/v2\/categories?post=18687"},{"taxonomy":"post_tag","embeddable":true,"href":"https:\/\/www.ert.tn\/pmf\/wp-json\/wp\/v2\/tags?post=18687"}],"curies":[{"name":"wp","href":"https:\/\/api.w.org\/{rel}","templated":true}]}}