{"id":2167,"date":"2017-03-03T16:04:23","date_gmt":"2017-03-03T15:04:23","guid":{"rendered":"http:\/\/lpmf\/2017\/03\/03\/ceremonie-en-hommage-a-mohamed-ali-azzabi\/"},"modified":"2024-06-07T17:38:34","modified_gmt":"2024-06-07T15:38:34","slug":"ceremonie-en-hommage-a-mohamed-ali-azzabi","status":"publish","type":"post","link":"https:\/\/www.ert.tn\/pmf\/2017\/03\/03\/ceremonie-en-hommage-a-mohamed-ali-azzabi\/","title":{"rendered":"C\u00e9r\u00e9monie en hommage \u00e0 Mohamed-Ali Azzabi"},"content":{"rendered":"<p style=\"font-family: arial, verdana, sans-serif; font-size: 14px; text-align: justify;\">Le lyc\u00e9e Pierre Mend\u00e8s-France a <strong>honor\u00e9 le mardi 28 f\u00e9vrier 2017 un de ses anciens \u00e9l\u00e8ves, Mohamed-Ali Azzabi<\/strong>, tu\u00e9 avec sa femme, Senda Nakaa Azzabi, lors de l&rsquo;attentat terroriste du 1er janvier dernier, \u00e0\u00a0 Istanbul.<\/p>\n<p style=\"font-family: arial, verdana, sans-serif; font-size: 14px; text-align: justify;\">Organis\u00e9e avec l&rsquo;Ambassade de France, cette c\u00e9r\u00e9monie s&rsquo;est d\u00e9roul\u00e9e en pr\u00e9sence des familles des d\u00e9funts, ainsi que de <strong>M. N\u00e9ji Jalloul, ministre de l&rsquo;\u00e9ducation, de M. le s\u00e9nateur Louis Duvernois, de l&rsquo;ambassadeur de France, M. Olivier Poivre d&rsquo;Arvor,<\/strong> du consul g\u00e9n\u00e9ral, M. Christian Reigneaud, de la conseill\u00e8re de coop\u00e9ration et d&rsquo;action culturelle adjointe, Mme Jo\u00eblle F\u00e9ral, du proviseur du lyc\u00e9e Pierre Mend\u00e8s-France, M. Thierry Verger, du proviseur du lyc\u00e9e Gustave Flaubert, M. Jean-Jacques Moiroud et des conseillers consulaires.<\/p>\n<p style=\"font-family: arial, verdana, sans-serif; font-size: 14px; text-align: justify;\">C&rsquo;est devant un public nombreux d&rsquo;\u00e9l\u00e8ves, membres des personnels et repr\u00e9sentants de l&rsquo;Association des Anciens de PMF et de l&rsquo;Association des Parents d&rsquo;\u00e9l\u00e8ves que la c\u00e9r\u00e9monie s&rsquo;est d\u00e9roul\u00e9e. Un <strong>recueillement solennel rythm\u00e9 par des discours \u00e9mouvants et vibrants d&rsquo;espoir,<\/strong> dont celui de Mme Arfaoui, m\u00e8re de Mohamed-Ali, et le r\u00e9cit du po\u00e8me \u00ab Bois Sombre \u00bb de P. Richer par un \u00e9l\u00e8ve du CVL.<\/p>\n<p style=\"font-family: arial, verdana, sans-serif; font-size: 14px; text-align: justify;\">Symbole de paix et d&rsquo;\u00e9ternit\u00e9, un olivier a ensuite \u00e9t\u00e9 plant\u00e9 dans la cour du coll\u00e8ge, une <strong>mani\u00e8re de sensibiliser les \u00e9l\u00e8ves \u00e0\u00a0 la lutte contre le terrorisme<\/strong> et de rappeler \u00ab que le combat contre le terrorisme commence ici et que ce n&rsquo;est qu&rsquo;ici qu&rsquo;il sera le plus efficace \u00bb (extrait du discours de M. Bahri, pr\u00e9sident de l&rsquo;AAPMF\/Mutu).<\/p>\n<p style=\"font-family: arial, verdana, sans-serif; font-size: 14px; text-align: justify;\">A c\u00f4t\u00e9 de cet arbre, une plaque en la m\u00e9moire de \u00ab Daly \u00bb a \u00e9t\u00e9 d\u00e9voil\u00e9e alors que la <strong>chorale du lyc\u00e9e entonnait l&rsquo;hymne national tunisien<\/strong>, prolongeant cet intense moment d&rsquo;\u00e9motion.<\/p>\n","protected":false},"excerpt":{"rendered":"<p>Le lyc&eacute;e Pierre Mend&egrave;s-France a honor&eacute; le mardi 28 f&eacute;vrier 2017 un de ses anciens &eacute;l&egrave;ves, Mohamed-Ali Azzabi, tu&eacute; avec<\/p>\n","protected":false},"author":1,"featured_media":0,"comment_status":"closed","ping_status":"open","sticky":false,"template":"","format":"standard","meta":{"_exactmetrics_skip_tracking":false,"_exactmetrics_sitenote_active":false,"_exactmetrics_sitenote_note":"","_exactmetrics_sitenote_category":0,"footnotes":""},"categories":[195],"tags":[],"class_list":["post-2167","post","type-post","status-publish","format-standard","hentry","category-actualites-de-pmf"],"_links":{"self":[{"href":"https:\/\/www.ert.tn\/pmf\/wp-json\/wp\/v2\/posts\/2167","targetHints":{"allow":["GET"]}}],"collection":[{"href":"https:\/\/www.ert.tn\/pmf\/wp-json\/wp\/v2\/posts"}],"about":[{"href":"https:\/\/www.ert.tn\/pmf\/wp-json\/wp\/v2\/types\/post"}],"author":[{"embeddable":true,"href":"https:\/\/www.ert.tn\/pmf\/wp-json\/wp\/v2\/users\/1"}],"replies":[{"embeddable":true,"href":"https:\/\/www.ert.tn\/pmf\/wp-json\/wp\/v2\/comments?post=2167"}],"version-history":[{"count":1,"href":"https:\/\/www.ert.tn\/pmf\/wp-json\/wp\/v2\/posts\/2167\/revisions"}],"predecessor-version":[{"id":17827,"href":"https:\/\/www.ert.tn\/pmf\/wp-json\/wp\/v2\/posts\/2167\/revisions\/17827"}],"wp:attachment":[{"href":"https:\/\/www.ert.tn\/pmf\/wp-json\/wp\/v2\/media?parent=2167"}],"wp:term":[{"taxonomy":"category","embeddable":true,"href":"https:\/\/www.ert.tn\/pmf\/wp-json\/wp\/v2\/categories?post=2167"},{"taxonomy":"post_tag","embeddable":true,"href":"https:\/\/www.ert.tn\/pmf\/wp-json\/wp\/v2\/tags?post=2167"}],"curies":[{"name":"wp","href":"https:\/\/api.w.org\/{rel}","templated":true}]}}