{"id":2171,"date":"2020-04-07T08:00:04","date_gmt":"2020-04-07T06:00:04","guid":{"rendered":"http:\/\/lpmf\/2017\/03\/09\/tests-dadmission-dans-les-etablissements-francais-second-degre\/"},"modified":"2020-04-07T14:17:16","modified_gmt":"2020-04-07T12:17:16","slug":"tests-dadmission-dans-les-etablissements-francais-second-degre","status":"publish","type":"post","link":"https:\/\/www.ert.tn\/pmf\/2020\/04\/07\/tests-dadmission-dans-les-etablissements-francais-second-degre\/","title":{"rendered":"Modification des dates &#8211; Tests d&rsquo;admission dans les \u00e9tablissements scolaires fran\u00e7ais homologu\u00e9s (second degr\u00e9)"},"content":{"rendered":"\n<p class=\"has-text-color has-vivid-red-color\"><strong>En raison de la conjoncture sanitaire, un d\u00e9lai suppl\u00e9mentaire pour la pr\u00e9-inscription aux tests a \u00e9t\u00e9 accord\u00e9.<\/strong> Ainsi,\u00a0<strong>la date limite de saisie en ligne des pr\u00e9-inscriptions sur le site de l&rsquo;IFT est\u00a0report\u00e9e \u00e0 jeudi 30 avril 2020.<\/strong><\/p>\n\n\n\n<ul class=\"wp-block-list\"><li>Inscriptions aux tests d\u2019entr\u00e9e en sixi\u00e8me, quatri\u00e8me et seconde:\u00a0\u00a0<a rel=\"noreferrer noopener\" href=\"https:\/\/www.ert.tn\/ift\/admission_collegelycee_test_entree_2020.php\" target=\"_blank\">https:\/\/www.ert.tn\/ift\/admission_collegelycee_test_entree_2020.php<\/a><\/li><\/ul>\n\n\n\n<ul class=\"wp-block-list\"><li>Inscriptions aux tests de positionnement (de la 6\u00b0 \u00e0 la Terminale):\u00a0\u00a0<a rel=\"noreferrer noopener\" href=\"https:\/\/www.ert.tn\/ift\/admission_collegelycee_test_position_2020.php\" target=\"_blank\">https:\/\/www.ert.tn\/ift\/admission_collegelycee_test_position_2020.php<\/a><\/li><\/ul>\n\n\n\n<p class=\"has-text-color has-vivid-red-color\"><strong>Par cons\u00e9quent, un d\u00e9lai suppl\u00e9mentaire a \u00e9galement \u00e9t\u00e9 accord\u00e9 pour le d\u00e9p\u00f4t des dossiers de candidature au lyc\u00e9e Pierre Mend\u00e8s France: la date limite est report\u00e9e au vendredi 08 mai 2020 \u00e0 12h<\/strong>, aupr\u00e8s du secr\u00e9tariat.<\/p>\n\n\n\n<p>Pour le lyc\u00e9e Pierre Mend\u00e8s France (ferm\u00e9 au public depuis le 23\/03 en raison de la situation sanitaire actuelle), le <strong>retour des dossiers se fait<\/strong>: <\/p>\n\n\n\n<ul class=\"wp-block-list\"><li>Soit en les d\u00e9posant \u00e0 <strong>la loge du lyc\u00e9e<\/strong> (9 rue Pierre Mend\u00e8s France) <\/li><li>Soit en les envoyant par mail \u00e0 l&rsquo;adresse <strong>inscriptions@ert.tn<\/strong>.<\/li><\/ul>\n\n\n\n<p>Nous vous demandons de veiller \u00e0 ce qu\u2019ils soient le plus complet possible, en vous assurant que notre administration sera beaucoup plus souple quant aux documents \u00e0 fournir\u00a0: documents administratifs ou traduction des bulletins pourront \u00eatre fournis ult\u00e9rieurement. Les dossiers une fois trait\u00e9s, un mail vous sera envoy\u00e9 pour vous en informer.<\/p>\n\n\n\n<p>De m\u00eame, lors de la r\u00e9 ouverture de l\u2019\u00e9tablissement, nous vous informerons par mail de la date \u00e0 laquelle vous pourrez retirer les convocations \u00e0 l\u2019examen.<\/p>\n\n\n\n<p class=\"has-text-color has-vivid-red-color\"><strong>L&rsquo;examen est toujours pr\u00e9vu \u00e0 ce jour l&rsquo;apr\u00e8s-midi du vendredi 15 mai 2020<\/strong><\/p>\n\n\n<p><span style=\"color: #0000ff;\"><strong>Peuvent \u00eatre candidat aux tests d&rsquo;entr\u00e9e:\u00a0<\/strong><\/span><\/p>\n<ul>\n<li><strong>Pour l&rsquo;entr\u00e9e en Sixi\u00e8me:\u00a0<\/strong><\/li>\n<\/ul>\n<p>\u00c9l\u00e8ves issus de la 6e ann\u00e9e de l&rsquo;enseignement de base du syst\u00e8me \u00e9ducatif tunisien<\/p>\n<ul>\n<li><strong>Pour l&rsquo;entr\u00e9e en Quatri\u00e8me:\u00a0<\/strong><\/li>\n<\/ul>\n<p>\u00c9l\u00e8ves n\u00e9s en 2006 et 2007 ou issus de la 7e ou 8e ann\u00e9e de l&rsquo;enseignement de base du syst\u00e8me \u00e9ducatif tunisien<\/p>\n<ul>\n<li><strong>Pour l&rsquo;entr\u00e9e en Seconde:<\/strong><\/li>\n<\/ul>\n<p>\u00c9l\u00e8ves n\u00e9s en 2004 et 2005 ou issus de la 9e ann\u00e9e de l&rsquo;enseignement de base ou de la 1\u00e8re ann\u00e9e secondaire du syst\u00e8me \u00e9ducatif tunisien<\/p>\n<p><strong><span style=\"color: #0000ff;\">Peuvent \u00eatre candidat aux tests de positionnement:\u00a0<\/span><\/strong><\/p>\n<ul>\n<li>Les \u00e9l\u00e8ves poss\u00e9dant la nationalit\u00e9 fran\u00e7aise, venant d&rsquo;un \u00e9tablissement non reconnu par le Minist\u00e8re fran\u00e7ais de l&rsquo;Education Nationale<\/li>\n<\/ul>","protected":false},"excerpt":{"rendered":"<p>En raison de la conjoncture sanitaire, un d&eacute;lai suppl&eacute;mentaire pour la pr&eacute;-inscription aux tests a &eacute;t&eacute; accord&eacute;. Ainsi,&nbsp;la date limite<\/p>\n","protected":false},"author":1,"featured_media":10501,"comment_status":"closed","ping_status":"open","sticky":false,"template":"","format":"standard","meta":{"_exactmetrics_skip_tracking":false,"_exactmetrics_sitenote_active":false,"_exactmetrics_sitenote_note":"","_exactmetrics_sitenote_category":0,"footnotes":""},"categories":[195,162],"tags":[],"class_list":["post-2171","post","type-post","status-publish","format-standard","has-post-thumbnail","hentry","category-actualites-de-pmf","category-inscription-a-pmf"],"_links":{"self":[{"href":"https:\/\/www.ert.tn\/pmf\/wp-json\/wp\/v2\/posts\/2171","targetHints":{"allow":["GET"]}}],"collection":[{"href":"https:\/\/www.ert.tn\/pmf\/wp-json\/wp\/v2\/posts"}],"about":[{"href":"https:\/\/www.ert.tn\/pmf\/wp-json\/wp\/v2\/types\/post"}],"author":[{"embeddable":true,"href":"https:\/\/www.ert.tn\/pmf\/wp-json\/wp\/v2\/users\/1"}],"replies":[{"embeddable":true,"href":"https:\/\/www.ert.tn\/pmf\/wp-json\/wp\/v2\/comments?post=2171"}],"version-history":[{"count":14,"href":"https:\/\/www.ert.tn\/pmf\/wp-json\/wp\/v2\/posts\/2171\/revisions"}],"predecessor-version":[{"id":10684,"href":"https:\/\/www.ert.tn\/pmf\/wp-json\/wp\/v2\/posts\/2171\/revisions\/10684"}],"wp:featuredmedia":[{"embeddable":true,"href":"https:\/\/www.ert.tn\/pmf\/wp-json\/wp\/v2\/media\/10501"}],"wp:attachment":[{"href":"https:\/\/www.ert.tn\/pmf\/wp-json\/wp\/v2\/media?parent=2171"}],"wp:term":[{"taxonomy":"category","embeddable":true,"href":"https:\/\/www.ert.tn\/pmf\/wp-json\/wp\/v2\/categories?post=2171"},{"taxonomy":"post_tag","embeddable":true,"href":"https:\/\/www.ert.tn\/pmf\/wp-json\/wp\/v2\/tags?post=2171"}],"curies":[{"name":"wp","href":"https:\/\/api.w.org\/{rel}","templated":true}]}}